{"id":1012,"date":"2025-12-20T00:00:16","date_gmt":"2025-12-19T23:00:16","guid":{"rendered":"https:\/\/szafarzetarnow.pl\/?p=1012"},"modified":"2025-12-20T08:58:46","modified_gmt":"2025-12-20T07:58:46","slug":"z-zyczeniami-u-pasterza","status":"publish","type":"post","link":"https:\/\/szafarzetarnow.pl\/?p=1012","title":{"rendered":"Z \u017cyczeniami u Pasterza"},"content":{"rendered":"\n<h2 class=\"wp-block-heading\">Z \u017cyczeniami u Pasterza<\/h2>\n\n\n\n<figure class=\"wp-block-image size-large\"><img fetchpriority=\"high\" decoding=\"async\" width=\"1024\" height=\"683\" src=\"https:\/\/szafarzetarnow.pl\/wp-content\/uploads\/2025\/12\/54990409846_f0539d3bd6_o-1024x683.jpg\" alt=\"\" class=\"wp-image-1009\" srcset=\"https:\/\/szafarzetarnow.pl\/wp-content\/uploads\/2025\/12\/54990409846_f0539d3bd6_o-1024x683.jpg 1024w, https:\/\/szafarzetarnow.pl\/wp-content\/uploads\/2025\/12\/54990409846_f0539d3bd6_o-300x200.jpg 300w, https:\/\/szafarzetarnow.pl\/wp-content\/uploads\/2025\/12\/54990409846_f0539d3bd6_o-768x512.jpg 768w, https:\/\/szafarzetarnow.pl\/wp-content\/uploads\/2025\/12\/54990409846_f0539d3bd6_o-1536x1024.jpg 1536w, https:\/\/szafarzetarnow.pl\/wp-content\/uploads\/2025\/12\/54990409846_f0539d3bd6_o-360x240.jpg 360w, https:\/\/szafarzetarnow.pl\/wp-content\/uploads\/2025\/12\/54990409846_f0539d3bd6_o.jpg 2048w\" sizes=\"(max-width: 1024px) 100vw, 1024px\" \/><\/figure>\n\n\n\n<p><\/p>\n\n\n\n<p>Tradycyjnie w Kurii Diecezjalnej odby\u0142o si\u0119 spotkanie bo\u017conarodzeniowe Biskupa Tarnowskiego Andrzeja Je\u017ca z przedstawicielami ruch\u00f3w i stowarzysze\u0144 diecezji tarnowskiej. W\u015br\u00f3d delegacji nie mog\u0142o zabrakn\u0105\u0107 przedstawicieli 1515 nadzwyczajnych szafarzy Komunii \u015bw. naszej diecezji. Reprezentowa\u0142 nas p. Dominik Czuba z parafii \u015bw. Jakuba Starszego Aposto\u0142a z Tuchowa oraz p. Pawe\u0142 \u0141opatka z parafii bazyliki katedralnej w Tarnowie wraz z naszym opiekunem ks. Jakubem Jasiakiem.<\/p>\n\n\n\n<p>&#8211; \u017byczymy si\u0142y w pasterzowaniu w\u015br\u00f3d nas, \u015bwiat\u0142a Ducha \u015bw. i mocy od Bo\u017cej Dzieciny. Dzi\u0119kujemy za wspieranie naszego duszpasterstwa &#8211; \u017cyczy mi\u0119dzy innymi pan Dominik.<\/p>\n\n\n\n<p>&#8211; Ciesz\u0119 si\u0119, \u017ce wzrastacie\u00a0duchowo, ale przecie\u017c i liczebnie. Jest was ju\u017c wi\u0119cej ni\u017c ksi\u0119\u017cy. Wspierajcie nadal ksi\u0119\u017cy. Bardzo jestem Wam wdzi\u0119czny &#8211; m\u00f3wi\u0142 bp Andrzej Je\u017c.<\/p>\n\n\n\n<p>Spotkanie odby\u0142o si\u0119 w mi\u0142ej, donios\u0142ej i pe\u0142nej wdzi\u0119czno\u015bci atmosferze. Nasi przedstawiciele&nbsp;ofiarowali Ksi\u0119dzu&nbsp;Biskupowi stroik w\u0142asnor\u0119cznie wykonany przez p. Joann\u0119 \u0141opatk\u0119 \u017con\u0119 nadzwyczajnego szafarza p. Paw\u0142a \u0141opatki.&nbsp;<\/p>\n\n\n\n<p>Zdj\u0119cia (Portal Diecezji Tarnowskiej, archiwum w\u0142asne)<\/p>\n\n\n<div  id=\"jtg-1002\" class=\"modula modula-gallery modula-columns\" data-config=\"{&quot;tabletHeight&quot;:800,&quot;mobileHeight&quot;:800,&quot;desktopHeight&quot;:800,&quot;enableTwitter&quot;:false,&quot;enableWhatsapp&quot;:false,&quot;enableFacebook&quot;:false,&quot;enablePinterest&quot;:false,&quot;enableLinkedin&quot;:false,&quot;enableEmail&quot;:false,&quot;randomFactor&quot;:0.5,&quot;type&quot;:&quot;grid&quot;,&quot;columns&quot;:12,&quot;gutter&quot;:10,&quot;mobileGutter&quot;:10,&quot;tabletGutter&quot;:10,&quot;desktopGutter&quot;:10,&quot;enableResponsive&quot;:&quot;0&quot;,&quot;tabletColumns&quot;:2,&quot;mobileColumns&quot;:1,&quot;lazyLoad&quot;:0,&quot;lightboxOpts&quot;:{&quot;animated&quot;:true,&quot;Thumbs&quot;:{&quot;type&quot;:&quot;modern&quot;,&quot;showOnStart&quot;:false},&quot;Toolbar&quot;:{&quot;display&quot;:{&quot;right&quot;:[&quot;close&quot;]},&quot;enabled&quot;:true},&quot;Carousel&quot;:{&quot;Panzoom&quot;:{&quot;touch&quot;:true},&quot;infinite&quot;:false},&quot;keyboard&quot;:{&quot;Escape&quot;:&quot;close&quot;,&quot;Delete&quot;:&quot;close&quot;,&quot;Backspace&quot;:&quot;close&quot;,&quot;PageUp&quot;:false,&quot;PageDown&quot;:false,&quot;ArrowUp&quot;:false,&quot;ArrowDown&quot;:false,&quot;ArrowRight&quot;:false,&quot;ArrowLeft&quot;:false},&quot;touch&quot;:false,&quot;backdropClick&quot;:false,&quot;l10n&quot;:{&quot;CLOSE&quot;:&quot;Close&quot;,&quot;NEXT&quot;:&quot;Next&quot;,&quot;PREV&quot;:&quot;Previous&quot;,&quot;Error&quot;:&quot;The requested content cannot be loaded. Please try again later.&quot;,&quot;PLAY_START&quot;:&quot;Start slideshow&quot;,&quot;PLAY_STOP&quot;:&quot;Pause slideshow&quot;,&quot;FULL_SCREEN&quot;:&quot;Full screen&quot;,&quot;THUMBS&quot;:&quot;Thumbnails&quot;,&quot;DOWNLOAD&quot;:&quot;Download&quot;,&quot;SHARE&quot;:&quot;Share&quot;,&quot;ZOOM&quot;:&quot;Zoom&quot;,&quot;EMAIL&quot;:&quot;Here is the link to the image : %%image_link%% and this is the link to the gallery : %%gallery_link%%&quot;,&quot;MODAL&quot;:&quot;You can close this modal content with the ESC key&quot;,&quot;ERROR&quot;:&quot;Something Went Wrong, Please Try Again Later&quot;,&quot;IMAGE_ERROR&quot;:&quot;Image Not Found&quot;,&quot;ELEMENT_NOT_FOUND&quot;:&quot;HTML Element Not Found&quot;,&quot;AJAX_NOT_FOUND&quot;:&quot;Error Loading AJAX : Not Found&quot;,&quot;AJAX_FORBIDDEN&quot;:&quot;Error Loading AJAX : Forbidden&quot;,&quot;IFRAME_ERROR&quot;:&quot;Error Loading Page&quot;,&quot;TOGGLE_ZOOM&quot;:&quot;Toggle zoom level&quot;,&quot;TOGGLE_THUMBS&quot;:&quot;Toggle thumbnails&quot;,&quot;TOGGLE_SLIDESHOW&quot;:&quot;Toggle slideshow&quot;,&quot;TOGGLE_FULLSCREEN&quot;:&quot;Toggle full-screen mode&quot;},&quot;Images&quot;:{&quot;Panzoom&quot;:{&quot;maxScale&quot;:2}},&quot;mainClass&quot;:&quot;modula-fancybox-container modula-lightbox-jtg-1002&quot;,&quot;Html&quot;:{&quot;videoAutoplay&quot;:0,&quot;videoTpl&quot;:&quot;&lt;video class=\\&quot;fancybox__html5video\\&quot; controls muted playsinline controlsList controlsList=\\&quot;nodownload\\&quot; poster=\\&quot;{{poster}}\\&quot; src=\\&quot;{{src}}\\&quot; type=\\&quot;{{format}}\\&quot; &gt;  Sorry, your browser doesn&#039;t support embedded videos, &lt;a href=\\&quot;{{src}}\\&quot;&gt; download &lt;\\\/a&gt; and watch with your favorite video player! &lt;\\\/video&gt;&quot;}},&quot;inView&quot;:false,&quot;email_subject&quot;:&quot;Check out this awesome image !!&quot;,&quot;email_message&quot;:&quot;Here is the link to the image : %%image_link%% and this is the link to the gallery : %%gallery_link%%&quot;,&quot;grid_type&quot;:&quot;automatic&quot;,&quot;rowHeight&quot;:250,&quot;lastRow&quot;:&quot;justify&quot;,&quot;lightbox&quot;:&quot;fancybox&quot;}\">\n\n\t\n\t<div  class=\"modula-items grid-gallery\">\n\t\t<div class=\"modula-item effect-pufrobo\" >\n\t<div class=\"modula-item-overlay\"><\/div>\n\n\t<div class=\"modula-item-content\">\n\n\t\t<a data-image-id=\"1003\" role=\"button\" data-elementor-open-lightbox=\"no\" tabindex=\"0\" rel=\"jtg-1002\" data-caption=\"\" aria-label=\"Open image in lightbox\" class=\"tile-inner modula-item-link\"><\/a><img decoding=\"async\" class=\"pic wp-image-1003\"  data-valign=\"middle\" data-halign=\"center\" alt=\"\" data-full=\"https:\/\/szafarzetarnow.pl\/wp-content\/uploads\/2025\/12\/20251217_104648.jpg\" title=\"20251217_104648\" crop=\"\" width=\"139\" height=\"300\" src=\"https:\/\/szafarzetarnow.pl\/wp-content\/uploads\/2025\/12\/20251217_104648-139x300.jpg\" data-src=\"https:\/\/szafarzetarnow.pl\/wp-content\/uploads\/2025\/12\/20251217_104648-139x300.jpg\" data-caption=\"\" srcset=\"https:\/\/szafarzetarnow.pl\/wp-content\/uploads\/2025\/12\/20251217_104648-scaled.jpg 1183w, https:\/\/szafarzetarnow.pl\/wp-content\/uploads\/2025\/12\/20251217_104648-scaled-139x300.jpg 139w, https:\/\/szafarzetarnow.pl\/wp-content\/uploads\/2025\/12\/20251217_104648-473x1024.jpg 473w, https:\/\/szafarzetarnow.pl\/wp-content\/uploads\/2025\/12\/20251217_104648-768x1662.jpg 768w, https:\/\/szafarzetarnow.pl\/wp-content\/uploads\/2025\/12\/20251217_104648-710x1536.jpg 710w, https:\/\/szafarzetarnow.pl\/wp-content\/uploads\/2025\/12\/20251217_104648-946x2048.jpg 946w\" sizes=\"(max-width: 139px) 100vw, 139px\" \/>\n\t\t<div class=\"figc no-description\">\n\t\t\t<div class=\"figc-inner\">\n\t\t\t\t\t\t\t\t\t\t\t\t\t\t\t<\/div>\n\t\t<\/div>\n\n\t<\/div>\n\n<\/div><div class=\"modula-item effect-pufrobo\" >\n\t<div class=\"modula-item-overlay\"><\/div>\n\n\t<div class=\"modula-item-content\">\n\n\t\t<a data-image-id=\"1004\" role=\"button\" data-elementor-open-lightbox=\"no\" tabindex=\"0\" rel=\"jtg-1002\" data-caption=\"\" aria-label=\"Open image in lightbox\" class=\"tile-inner modula-item-link\"><\/a><img decoding=\"async\" class=\"pic wp-image-1004\"  data-valign=\"middle\" data-halign=\"center\" alt=\"\" data-full=\"https:\/\/szafarzetarnow.pl\/wp-content\/uploads\/2025\/12\/20251217_114928.jpg\" title=\"20251217_114928\" crop=\"\" width=\"139\" height=\"300\" src=\"https:\/\/szafarzetarnow.pl\/wp-content\/uploads\/2025\/12\/20251217_114928-139x300.jpg\" data-src=\"https:\/\/szafarzetarnow.pl\/wp-content\/uploads\/2025\/12\/20251217_114928-139x300.jpg\" data-caption=\"\" srcset=\"https:\/\/szafarzetarnow.pl\/wp-content\/uploads\/2025\/12\/20251217_114928-scaled.jpg 1183w, https:\/\/szafarzetarnow.pl\/wp-content\/uploads\/2025\/12\/20251217_114928-scaled-139x300.jpg 139w, https:\/\/szafarzetarnow.pl\/wp-content\/uploads\/2025\/12\/20251217_114928-473x1024.jpg 473w, https:\/\/szafarzetarnow.pl\/wp-content\/uploads\/2025\/12\/20251217_114928-768x1662.jpg 768w, https:\/\/szafarzetarnow.pl\/wp-content\/uploads\/2025\/12\/20251217_114928-710x1536.jpg 710w, https:\/\/szafarzetarnow.pl\/wp-content\/uploads\/2025\/12\/20251217_114928-946x2048.jpg 946w\" sizes=\"(max-width: 139px) 100vw, 139px\" \/>\n\t\t<div class=\"figc no-description\">\n\t\t\t<div class=\"figc-inner\">\n\t\t\t\t\t\t\t\t\t\t\t\t\t\t\t<\/div>\n\t\t<\/div>\n\n\t<\/div>\n\n<\/div><div class=\"modula-item effect-pufrobo\" >\n\t<div class=\"modula-item-overlay\"><\/div>\n\n\t<div class=\"modula-item-content\">\n\n\t\t<a data-image-id=\"1005\" role=\"button\" data-elementor-open-lightbox=\"no\" tabindex=\"0\" rel=\"jtg-1002\" data-caption=\"\" aria-label=\"Open image in lightbox\" class=\"tile-inner modula-item-link\"><\/a><img loading=\"lazy\" decoding=\"async\" class=\"pic wp-image-1005\"  data-valign=\"middle\" data-halign=\"center\" alt=\"\" data-full=\"https:\/\/szafarzetarnow.pl\/wp-content\/uploads\/2025\/12\/20251217_115110.jpg\" title=\"20251217_115110\" crop=\"\" width=\"139\" height=\"300\" src=\"https:\/\/szafarzetarnow.pl\/wp-content\/uploads\/2025\/12\/20251217_115110-139x300.jpg\" data-src=\"https:\/\/szafarzetarnow.pl\/wp-content\/uploads\/2025\/12\/20251217_115110-139x300.jpg\" data-caption=\"\" srcset=\"https:\/\/szafarzetarnow.pl\/wp-content\/uploads\/2025\/12\/20251217_115110-scaled.jpg 1183w, https:\/\/szafarzetarnow.pl\/wp-content\/uploads\/2025\/12\/20251217_115110-scaled-139x300.jpg 139w, https:\/\/szafarzetarnow.pl\/wp-content\/uploads\/2025\/12\/20251217_115110-473x1024.jpg 473w, https:\/\/szafarzetarnow.pl\/wp-content\/uploads\/2025\/12\/20251217_115110-768x1662.jpg 768w, https:\/\/szafarzetarnow.pl\/wp-content\/uploads\/2025\/12\/20251217_115110-710x1536.jpg 710w, https:\/\/szafarzetarnow.pl\/wp-content\/uploads\/2025\/12\/20251217_115110-946x2048.jpg 946w\" sizes=\"(max-width: 139px) 100vw, 139px\" \/>\n\t\t<div class=\"figc no-description\">\n\t\t\t<div class=\"figc-inner\">\n\t\t\t\t\t\t\t\t\t\t\t\t\t\t\t<\/div>\n\t\t<\/div>\n\n\t<\/div>\n\n<\/div><div class=\"modula-item effect-pufrobo\" >\n\t<div class=\"modula-item-overlay\"><\/div>\n\n\t<div class=\"modula-item-content\">\n\n\t\t<a data-image-id=\"1006\" role=\"button\" data-elementor-open-lightbox=\"no\" tabindex=\"0\" rel=\"jtg-1002\" data-caption=\"\" aria-label=\"Open image in lightbox\" class=\"tile-inner modula-item-link\"><\/a><img loading=\"lazy\" decoding=\"async\" class=\"pic wp-image-1006\"  data-valign=\"middle\" data-halign=\"center\" alt=\"\" data-full=\"https:\/\/szafarzetarnow.pl\/wp-content\/uploads\/2025\/12\/20251217_115115.jpg\" title=\"20251217_115115\" crop=\"\" width=\"139\" height=\"300\" src=\"https:\/\/szafarzetarnow.pl\/wp-content\/uploads\/2025\/12\/20251217_115115-139x300.jpg\" data-src=\"https:\/\/szafarzetarnow.pl\/wp-content\/uploads\/2025\/12\/20251217_115115-139x300.jpg\" data-caption=\"\" srcset=\"https:\/\/szafarzetarnow.pl\/wp-content\/uploads\/2025\/12\/20251217_115115-scaled.jpg 1183w, https:\/\/szafarzetarnow.pl\/wp-content\/uploads\/2025\/12\/20251217_115115-scaled-139x300.jpg 139w, https:\/\/szafarzetarnow.pl\/wp-content\/uploads\/2025\/12\/20251217_115115-473x1024.jpg 473w, https:\/\/szafarzetarnow.pl\/wp-content\/uploads\/2025\/12\/20251217_115115-768x1662.jpg 768w, https:\/\/szafarzetarnow.pl\/wp-content\/uploads\/2025\/12\/20251217_115115-710x1536.jpg 710w, https:\/\/szafarzetarnow.pl\/wp-content\/uploads\/2025\/12\/20251217_115115-946x2048.jpg 946w\" sizes=\"(max-width: 139px) 100vw, 139px\" \/>\n\t\t<div class=\"figc no-description\">\n\t\t\t<div class=\"figc-inner\">\n\t\t\t\t\t\t\t\t\t\t\t\t\t\t\t<\/div>\n\t\t<\/div>\n\n\t<\/div>\n\n<\/div><div class=\"modula-item effect-pufrobo\" >\n\t<div class=\"modula-item-overlay\"><\/div>\n\n\t<div class=\"modula-item-content\">\n\n\t\t<a data-image-id=\"1007\" role=\"button\" data-elementor-open-lightbox=\"no\" tabindex=\"0\" rel=\"jtg-1002\" data-caption=\"\" aria-label=\"Open image in lightbox\" class=\"tile-inner modula-item-link\"><\/a><img loading=\"lazy\" decoding=\"async\" class=\"pic wp-image-1007\"  data-valign=\"middle\" data-halign=\"center\" alt=\"\" data-full=\"https:\/\/szafarzetarnow.pl\/wp-content\/uploads\/2025\/12\/20251217_115119.jpg\" title=\"20251217_115119\" crop=\"\" width=\"139\" height=\"300\" src=\"https:\/\/szafarzetarnow.pl\/wp-content\/uploads\/2025\/12\/20251217_115119-139x300.jpg\" data-src=\"https:\/\/szafarzetarnow.pl\/wp-content\/uploads\/2025\/12\/20251217_115119-139x300.jpg\" data-caption=\"\" srcset=\"https:\/\/szafarzetarnow.pl\/wp-content\/uploads\/2025\/12\/20251217_115119-scaled.jpg 1183w, https:\/\/szafarzetarnow.pl\/wp-content\/uploads\/2025\/12\/20251217_115119-scaled-139x300.jpg 139w, https:\/\/szafarzetarnow.pl\/wp-content\/uploads\/2025\/12\/20251217_115119-473x1024.jpg 473w, https:\/\/szafarzetarnow.pl\/wp-content\/uploads\/2025\/12\/20251217_115119-768x1662.jpg 768w, https:\/\/szafarzetarnow.pl\/wp-content\/uploads\/2025\/12\/20251217_115119-710x1536.jpg 710w, https:\/\/szafarzetarnow.pl\/wp-content\/uploads\/2025\/12\/20251217_115119-946x2048.jpg 946w\" sizes=\"(max-width: 139px) 100vw, 139px\" \/>\n\t\t<div class=\"figc no-description\">\n\t\t\t<div class=\"figc-inner\">\n\t\t\t\t\t\t\t\t\t\t\t\t\t\t\t<\/div>\n\t\t<\/div>\n\n\t<\/div>\n\n<\/div><div class=\"modula-item effect-pufrobo\" >\n\t<div class=\"modula-item-overlay\"><\/div>\n\n\t<div class=\"modula-item-content\">\n\n\t\t<a data-image-id=\"1008\" role=\"button\" data-elementor-open-lightbox=\"no\" tabindex=\"0\" rel=\"jtg-1002\" data-caption=\"\" aria-label=\"Open image in lightbox\" class=\"tile-inner modula-item-link\"><\/a><img loading=\"lazy\" decoding=\"async\" class=\"pic wp-image-1008\"  data-valign=\"middle\" data-halign=\"center\" alt=\"\" data-full=\"https:\/\/szafarzetarnow.pl\/wp-content\/uploads\/2025\/12\/54989526782_a5c4aa5112_o.jpg\" title=\"54989526782_a5c4aa5112_o\" crop=\"\" width=\"300\" height=\"200\" src=\"https:\/\/szafarzetarnow.pl\/wp-content\/uploads\/2025\/12\/54989526782_a5c4aa5112_o-300x200.jpg\" data-src=\"https:\/\/szafarzetarnow.pl\/wp-content\/uploads\/2025\/12\/54989526782_a5c4aa5112_o-300x200.jpg\" data-caption=\"\" srcset=\"https:\/\/szafarzetarnow.pl\/wp-content\/uploads\/2025\/12\/54989526782_a5c4aa5112_o.jpg 2048w, https:\/\/szafarzetarnow.pl\/wp-content\/uploads\/2025\/12\/54989526782_a5c4aa5112_o-300x200.jpg 300w, https:\/\/szafarzetarnow.pl\/wp-content\/uploads\/2025\/12\/54989526782_a5c4aa5112_o-1024x683.jpg 1024w, https:\/\/szafarzetarnow.pl\/wp-content\/uploads\/2025\/12\/54989526782_a5c4aa5112_o-768x512.jpg 768w, https:\/\/szafarzetarnow.pl\/wp-content\/uploads\/2025\/12\/54989526782_a5c4aa5112_o-1536x1024.jpg 1536w, https:\/\/szafarzetarnow.pl\/wp-content\/uploads\/2025\/12\/54989526782_a5c4aa5112_o-360x240.jpg 360w\" sizes=\"(max-width: 300px) 100vw, 300px\" \/>\n\t\t<div class=\"figc no-description\">\n\t\t\t<div class=\"figc-inner\">\n\t\t\t\t\t\t\t\t\t\t\t\t\t\t\t<\/div>\n\t\t<\/div>\n\n\t<\/div>\n\n<\/div><div class=\"modula-item effect-pufrobo\" >\n\t<div class=\"modula-item-overlay\"><\/div>\n\n\t<div class=\"modula-item-content\">\n\n\t\t<a data-image-id=\"1009\" role=\"button\" data-elementor-open-lightbox=\"no\" tabindex=\"0\" rel=\"jtg-1002\" data-caption=\"\" aria-label=\"Open image in lightbox\" class=\"tile-inner modula-item-link\"><\/a><img loading=\"lazy\" decoding=\"async\" class=\"pic wp-image-1009\"  data-valign=\"middle\" data-halign=\"center\" alt=\"\" data-full=\"https:\/\/szafarzetarnow.pl\/wp-content\/uploads\/2025\/12\/54990409846_f0539d3bd6_o.jpg\" title=\"54990409846_f0539d3bd6_o\" crop=\"\" width=\"300\" height=\"200\" src=\"https:\/\/szafarzetarnow.pl\/wp-content\/uploads\/2025\/12\/54990409846_f0539d3bd6_o-300x200.jpg\" data-src=\"https:\/\/szafarzetarnow.pl\/wp-content\/uploads\/2025\/12\/54990409846_f0539d3bd6_o-300x200.jpg\" data-caption=\"\" srcset=\"https:\/\/szafarzetarnow.pl\/wp-content\/uploads\/2025\/12\/54990409846_f0539d3bd6_o.jpg 2048w, https:\/\/szafarzetarnow.pl\/wp-content\/uploads\/2025\/12\/54990409846_f0539d3bd6_o-300x200.jpg 300w, https:\/\/szafarzetarnow.pl\/wp-content\/uploads\/2025\/12\/54990409846_f0539d3bd6_o-1024x683.jpg 1024w, https:\/\/szafarzetarnow.pl\/wp-content\/uploads\/2025\/12\/54990409846_f0539d3bd6_o-768x512.jpg 768w, https:\/\/szafarzetarnow.pl\/wp-content\/uploads\/2025\/12\/54990409846_f0539d3bd6_o-1536x1024.jpg 1536w, https:\/\/szafarzetarnow.pl\/wp-content\/uploads\/2025\/12\/54990409846_f0539d3bd6_o-360x240.jpg 360w\" sizes=\"(max-width: 300px) 100vw, 300px\" \/>\n\t\t<div class=\"figc no-description\">\n\t\t\t<div class=\"figc-inner\">\n\t\t\t\t\t\t\t\t\t\t\t\t\t\t\t<\/div>\n\t\t<\/div>\n\n\t<\/div>\n\n<\/div><div class=\"modula-item effect-pufrobo\" >\n\t<div class=\"modula-item-overlay\"><\/div>\n\n\t<div class=\"modula-item-content\">\n\n\t\t<a data-image-id=\"1010\" role=\"button\" data-elementor-open-lightbox=\"no\" tabindex=\"0\" rel=\"jtg-1002\" data-caption=\"\" aria-label=\"Open image in lightbox\" class=\"tile-inner modula-item-link\"><\/a><img loading=\"lazy\" decoding=\"async\" class=\"pic wp-image-1010\"  data-valign=\"middle\" data-halign=\"center\" alt=\"\" data-full=\"https:\/\/szafarzetarnow.pl\/wp-content\/uploads\/2025\/12\/54990667214_6d605025f9_o.jpg\" title=\"54990667214_6d605025f9_o\" crop=\"\" width=\"200\" height=\"300\" src=\"https:\/\/szafarzetarnow.pl\/wp-content\/uploads\/2025\/12\/54990667214_6d605025f9_o-200x300.jpg\" data-src=\"https:\/\/szafarzetarnow.pl\/wp-content\/uploads\/2025\/12\/54990667214_6d605025f9_o-200x300.jpg\" data-caption=\"\" srcset=\"https:\/\/szafarzetarnow.pl\/wp-content\/uploads\/2025\/12\/54990667214_6d605025f9_o.jpg 1365w, https:\/\/szafarzetarnow.pl\/wp-content\/uploads\/2025\/12\/54990667214_6d605025f9_o-200x300.jpg 200w, https:\/\/szafarzetarnow.pl\/wp-content\/uploads\/2025\/12\/54990667214_6d605025f9_o-683x1024.jpg 683w, https:\/\/szafarzetarnow.pl\/wp-content\/uploads\/2025\/12\/54990667214_6d605025f9_o-768x1152.jpg 768w, https:\/\/szafarzetarnow.pl\/wp-content\/uploads\/2025\/12\/54990667214_6d605025f9_o-1024x1536.jpg 1024w\" sizes=\"(max-width: 200px) 100vw, 200px\" \/>\n\t\t<div class=\"figc no-description\">\n\t\t\t<div class=\"figc-inner\">\n\t\t\t\t\t\t\t\t\t\t\t\t\t\t\t<\/div>\n\t\t<\/div>\n\n\t<\/div>\n\n<\/div><div class=\"modula-item effect-pufrobo\" >\n\t<div class=\"modula-item-overlay\"><\/div>\n\n\t<div class=\"modula-item-content\">\n\n\t\t<a data-image-id=\"1011\" role=\"button\" data-elementor-open-lightbox=\"no\" tabindex=\"0\" rel=\"jtg-1002\" data-caption=\"\" aria-label=\"Open image in lightbox\" class=\"tile-inner modula-item-link\"><\/a><img loading=\"lazy\" decoding=\"async\" class=\"pic wp-image-1011\"  data-valign=\"middle\" data-halign=\"center\" alt=\"\" data-full=\"https:\/\/szafarzetarnow.pl\/wp-content\/uploads\/2025\/12\/54990703350_bee9029640_o.jpg\" title=\"54990703350_bee9029640_o\" crop=\"\" width=\"300\" height=\"200\" src=\"https:\/\/szafarzetarnow.pl\/wp-content\/uploads\/2025\/12\/54990703350_bee9029640_o-300x200.jpg\" data-src=\"https:\/\/szafarzetarnow.pl\/wp-content\/uploads\/2025\/12\/54990703350_bee9029640_o-300x200.jpg\" data-caption=\"\" srcset=\"https:\/\/szafarzetarnow.pl\/wp-content\/uploads\/2025\/12\/54990703350_bee9029640_o.jpg 2048w, https:\/\/szafarzetarnow.pl\/wp-content\/uploads\/2025\/12\/54990703350_bee9029640_o-300x200.jpg 300w, https:\/\/szafarzetarnow.pl\/wp-content\/uploads\/2025\/12\/54990703350_bee9029640_o-1024x683.jpg 1024w, https:\/\/szafarzetarnow.pl\/wp-content\/uploads\/2025\/12\/54990703350_bee9029640_o-768x512.jpg 768w, https:\/\/szafarzetarnow.pl\/wp-content\/uploads\/2025\/12\/54990703350_bee9029640_o-1536x1024.jpg 1536w, https:\/\/szafarzetarnow.pl\/wp-content\/uploads\/2025\/12\/54990703350_bee9029640_o-360x240.jpg 360w\" sizes=\"(max-width: 300px) 100vw, 300px\" \/>\n\t\t<div class=\"figc no-description\">\n\t\t\t<div class=\"figc-inner\">\n\t\t\t\t\t\t\t\t\t\t\t\t\t\t\t<\/div>\n\t\t<\/div>\n\n\t<\/div>\n\n<\/div>\t\t\n\t<\/div>\n\n\t\n\t\n\t<script type=\"application\/ld+json\">\n\t{\n\t\t\"@context\": \"http:\/\/schema.org\",\n\t\t\"@type\"   : \"ImageGallery\",\n\t\t\"id\"      : \"https:\/\/szafarzetarnow.pl\/?p=1012\/\",\n\t\t\"url\"     : \"https:\/\/szafarzetarnow.pl\/?p=1012\/\"\n\t}\n\n\t<\/script>\n\n\t\n<\/div>\n","protected":false},"excerpt":{"rendered":"<p>Z \u017cyczeniami u Pasterza Tradycyjnie w Kurii Diecezjalnej odby\u0142o si\u0119 spotkanie bo\u017conarodzeniowe Biskupa Tarnowskiego Andrzeja Je\u017ca z przedstawicielami ruch\u00f3w i stowarzysze\u0144 diecezji tarnowskiej. W\u015br\u00f3d delegacji nie mog\u0142o zabrakn\u0105\u0107 przedstawicieli 1515 nadzwyczajnych szafarzy Komunii \u015bw. naszej diecezji. Reprezentowa\u0142 nas p. Dominik Czuba z parafii \u015bw. Jakuba Starszego Aposto\u0142a z Tuchowa oraz [&hellip;]<\/p>\n","protected":false},"author":1,"featured_media":1009,"comment_status":"open","ping_status":"open","sticky":false,"template":"","format":"standard","meta":{"footnotes":""},"categories":[3],"tags":[],"class_list":["post-1012","post","type-post","status-publish","format-standard","has-post-thumbnail","hentry","category-ogolne"],"yoast_head":"<!-- This site is optimized with the Yoast SEO plugin v27.3 - https:\/\/yoast.com\/product\/yoast-seo-wordpress\/ -->\n<title>Z \u017cyczeniami u Pasterza<\/title>\n<meta name=\"description\" content=\"Tradycyjnie w Kurii Diecezjalnej odby\u0142o si\u0119 spotkanie bo\u017conarodzeniowe Biskupa Tarnowskiego Andrzeja Je\u017ca z przedstawicielami ruch\u00f3w i stowarzysze\u0144 diecezji tarnowskiej.\" \/>\n<meta name=\"robots\" content=\"index, follow, max-snippet:-1, max-image-preview:large, max-video-preview:-1\" \/>\n<link rel=\"canonical\" href=\"https:\/\/szafarzetarnow.pl\/?p=1012\" \/>\n<meta property=\"og:locale\" content=\"en_US\" \/>\n<meta property=\"og:type\" content=\"article\" \/>\n<meta property=\"og:title\" content=\"Z \u017cyczeniami u Pasterza\" \/>\n<meta property=\"og:description\" content=\"Tradycyjnie w Kurii Diecezjalnej odby\u0142o si\u0119 spotkanie bo\u017conarodzeniowe Biskupa Tarnowskiego Andrzeja Je\u017ca z przedstawicielami ruch\u00f3w i stowarzysze\u0144 diecezji tarnowskiej.\" \/>\n<meta property=\"og:url\" content=\"https:\/\/szafarzetarnow.pl\/?p=1012\" \/>\n<meta property=\"og:site_name\" content=\"szafarzetarnow.pl\" \/>\n<meta property=\"article:published_time\" content=\"2025-12-19T23:00:16+00:00\" \/>\n<meta property=\"article:modified_time\" content=\"2025-12-20T07:58:46+00:00\" \/>\n<meta property=\"og:image\" content=\"https:\/\/szafarzetarnow.pl\/wp-content\/uploads\/2025\/12\/54990409846_f0539d3bd6_o.jpg\" \/>\n\t<meta property=\"og:image:width\" content=\"2048\" \/>\n\t<meta property=\"og:image:height\" content=\"1365\" \/>\n\t<meta property=\"og:image:type\" content=\"image\/jpeg\" \/>\n<meta name=\"author\" content=\"Przemek Rura\" \/>\n<meta name=\"twitter:card\" content=\"summary_large_image\" \/>\n<meta name=\"twitter:label1\" content=\"Written by\" \/>\n\t<meta name=\"twitter:data1\" content=\"Przemek Rura\" \/>\n\t<meta name=\"twitter:label2\" content=\"Est. reading time\" \/>\n\t<meta name=\"twitter:data2\" content=\"2 minutes\" \/>\n<script type=\"application\/ld+json\" class=\"yoast-schema-graph\">{\"@context\":\"https:\\\/\\\/schema.org\",\"@graph\":[{\"@type\":\"Article\",\"@id\":\"https:\\\/\\\/szafarzetarnow.pl\\\/?p=1012#article\",\"isPartOf\":{\"@id\":\"https:\\\/\\\/szafarzetarnow.pl\\\/?p=1012\"},\"author\":{\"name\":\"Przemek Rura\",\"@id\":\"https:\\\/\\\/szafarzetarnow.pl\\\/#\\\/schema\\\/person\\\/d2eff972cfd1e0843c8e62dc13fcba30\"},\"headline\":\"Z \u017cyczeniami u Pasterza\",\"datePublished\":\"2025-12-19T23:00:16+00:00\",\"dateModified\":\"2025-12-20T07:58:46+00:00\",\"mainEntityOfPage\":{\"@id\":\"https:\\\/\\\/szafarzetarnow.pl\\\/?p=1012\"},\"wordCount\":192,\"commentCount\":0,\"image\":{\"@id\":\"https:\\\/\\\/szafarzetarnow.pl\\\/?p=1012#primaryimage\"},\"thumbnailUrl\":\"https:\\\/\\\/szafarzetarnow.pl\\\/wp-content\\\/uploads\\\/2025\\\/12\\\/54990409846_f0539d3bd6_o.jpg\",\"articleSection\":[\"Og\u00f3lne\"],\"inLanguage\":\"en-US\",\"potentialAction\":[{\"@type\":\"CommentAction\",\"name\":\"Comment\",\"target\":[\"https:\\\/\\\/szafarzetarnow.pl\\\/?p=1012#respond\"]}]},{\"@type\":\"WebPage\",\"@id\":\"https:\\\/\\\/szafarzetarnow.pl\\\/?p=1012\",\"url\":\"https:\\\/\\\/szafarzetarnow.pl\\\/?p=1012\",\"name\":\"Z \u017cyczeniami u Pasterza\",\"isPartOf\":{\"@id\":\"https:\\\/\\\/szafarzetarnow.pl\\\/#website\"},\"primaryImageOfPage\":{\"@id\":\"https:\\\/\\\/szafarzetarnow.pl\\\/?p=1012#primaryimage\"},\"image\":{\"@id\":\"https:\\\/\\\/szafarzetarnow.pl\\\/?p=1012#primaryimage\"},\"thumbnailUrl\":\"https:\\\/\\\/szafarzetarnow.pl\\\/wp-content\\\/uploads\\\/2025\\\/12\\\/54990409846_f0539d3bd6_o.jpg\",\"datePublished\":\"2025-12-19T23:00:16+00:00\",\"dateModified\":\"2025-12-20T07:58:46+00:00\",\"author\":{\"@id\":\"https:\\\/\\\/szafarzetarnow.pl\\\/#\\\/schema\\\/person\\\/d2eff972cfd1e0843c8e62dc13fcba30\"},\"description\":\"Tradycyjnie w Kurii Diecezjalnej odby\u0142o si\u0119 spotkanie bo\u017conarodzeniowe Biskupa Tarnowskiego Andrzeja Je\u017ca z przedstawicielami ruch\u00f3w i stowarzysze\u0144 diecezji tarnowskiej.\",\"breadcrumb\":{\"@id\":\"https:\\\/\\\/szafarzetarnow.pl\\\/?p=1012#breadcrumb\"},\"inLanguage\":\"en-US\",\"potentialAction\":[{\"@type\":\"ReadAction\",\"target\":[\"https:\\\/\\\/szafarzetarnow.pl\\\/?p=1012\"]}]},{\"@type\":\"ImageObject\",\"inLanguage\":\"en-US\",\"@id\":\"https:\\\/\\\/szafarzetarnow.pl\\\/?p=1012#primaryimage\",\"url\":\"https:\\\/\\\/szafarzetarnow.pl\\\/wp-content\\\/uploads\\\/2025\\\/12\\\/54990409846_f0539d3bd6_o.jpg\",\"contentUrl\":\"https:\\\/\\\/szafarzetarnow.pl\\\/wp-content\\\/uploads\\\/2025\\\/12\\\/54990409846_f0539d3bd6_o.jpg\",\"width\":2048,\"height\":1365},{\"@type\":\"BreadcrumbList\",\"@id\":\"https:\\\/\\\/szafarzetarnow.pl\\\/?p=1012#breadcrumb\",\"itemListElement\":[{\"@type\":\"ListItem\",\"position\":1,\"name\":\"Home\",\"item\":\"https:\\\/\\\/szafarzetarnow.pl\\\/\"},{\"@type\":\"ListItem\",\"position\":2,\"name\":\"Z \u017cyczeniami u Pasterza\"}]},{\"@type\":\"WebSite\",\"@id\":\"https:\\\/\\\/szafarzetarnow.pl\\\/#website\",\"url\":\"https:\\\/\\\/szafarzetarnow.pl\\\/\",\"name\":\"szafarzetarnow.pl\",\"description\":\"\",\"potentialAction\":[{\"@type\":\"SearchAction\",\"target\":{\"@type\":\"EntryPoint\",\"urlTemplate\":\"https:\\\/\\\/szafarzetarnow.pl\\\/?s={search_term_string}\"},\"query-input\":{\"@type\":\"PropertyValueSpecification\",\"valueRequired\":true,\"valueName\":\"search_term_string\"}}],\"inLanguage\":\"en-US\"},{\"@type\":\"Person\",\"@id\":\"https:\\\/\\\/szafarzetarnow.pl\\\/#\\\/schema\\\/person\\\/d2eff972cfd1e0843c8e62dc13fcba30\",\"name\":\"Przemek Rura\",\"image\":{\"@type\":\"ImageObject\",\"inLanguage\":\"en-US\",\"@id\":\"https:\\\/\\\/secure.gravatar.com\\\/avatar\\\/e45b267abee2982cb75173ae1953797b1304a28700a3f83606dbf09eebe422c7?s=96&d=mm&r=g\",\"url\":\"https:\\\/\\\/secure.gravatar.com\\\/avatar\\\/e45b267abee2982cb75173ae1953797b1304a28700a3f83606dbf09eebe422c7?s=96&d=mm&r=g\",\"contentUrl\":\"https:\\\/\\\/secure.gravatar.com\\\/avatar\\\/e45b267abee2982cb75173ae1953797b1304a28700a3f83606dbf09eebe422c7?s=96&d=mm&r=g\",\"caption\":\"Przemek Rura\"},\"sameAs\":[\"http:\\\/\\\/szafarzetarnow.pl\"],\"url\":\"https:\\\/\\\/szafarzetarnow.pl\\\/?author=1\"}]}<\/script>\n<!-- \/ Yoast SEO plugin. -->","yoast_head_json":{"title":"Z \u017cyczeniami u Pasterza","description":"Tradycyjnie w Kurii Diecezjalnej odby\u0142o si\u0119 spotkanie bo\u017conarodzeniowe Biskupa Tarnowskiego Andrzeja Je\u017ca z przedstawicielami ruch\u00f3w i stowarzysze\u0144 diecezji tarnowskiej.","robots":{"index":"index","follow":"follow","max-snippet":"max-snippet:-1","max-image-preview":"max-image-preview:large","max-video-preview":"max-video-preview:-1"},"canonical":"https:\/\/szafarzetarnow.pl\/?p=1012","og_locale":"en_US","og_type":"article","og_title":"Z \u017cyczeniami u Pasterza","og_description":"Tradycyjnie w Kurii Diecezjalnej odby\u0142o si\u0119 spotkanie bo\u017conarodzeniowe Biskupa Tarnowskiego Andrzeja Je\u017ca z przedstawicielami ruch\u00f3w i stowarzysze\u0144 diecezji tarnowskiej.","og_url":"https:\/\/szafarzetarnow.pl\/?p=1012","og_site_name":"szafarzetarnow.pl","article_published_time":"2025-12-19T23:00:16+00:00","article_modified_time":"2025-12-20T07:58:46+00:00","og_image":[{"width":2048,"height":1365,"url":"https:\/\/szafarzetarnow.pl\/wp-content\/uploads\/2025\/12\/54990409846_f0539d3bd6_o.jpg","type":"image\/jpeg"}],"author":"Przemek Rura","twitter_card":"summary_large_image","twitter_misc":{"Written by":"Przemek Rura","Est. reading time":"2 minutes"},"schema":{"@context":"https:\/\/schema.org","@graph":[{"@type":"Article","@id":"https:\/\/szafarzetarnow.pl\/?p=1012#article","isPartOf":{"@id":"https:\/\/szafarzetarnow.pl\/?p=1012"},"author":{"name":"Przemek Rura","@id":"https:\/\/szafarzetarnow.pl\/#\/schema\/person\/d2eff972cfd1e0843c8e62dc13fcba30"},"headline":"Z \u017cyczeniami u Pasterza","datePublished":"2025-12-19T23:00:16+00:00","dateModified":"2025-12-20T07:58:46+00:00","mainEntityOfPage":{"@id":"https:\/\/szafarzetarnow.pl\/?p=1012"},"wordCount":192,"commentCount":0,"image":{"@id":"https:\/\/szafarzetarnow.pl\/?p=1012#primaryimage"},"thumbnailUrl":"https:\/\/szafarzetarnow.pl\/wp-content\/uploads\/2025\/12\/54990409846_f0539d3bd6_o.jpg","articleSection":["Og\u00f3lne"],"inLanguage":"en-US","potentialAction":[{"@type":"CommentAction","name":"Comment","target":["https:\/\/szafarzetarnow.pl\/?p=1012#respond"]}]},{"@type":"WebPage","@id":"https:\/\/szafarzetarnow.pl\/?p=1012","url":"https:\/\/szafarzetarnow.pl\/?p=1012","name":"Z \u017cyczeniami u Pasterza","isPartOf":{"@id":"https:\/\/szafarzetarnow.pl\/#website"},"primaryImageOfPage":{"@id":"https:\/\/szafarzetarnow.pl\/?p=1012#primaryimage"},"image":{"@id":"https:\/\/szafarzetarnow.pl\/?p=1012#primaryimage"},"thumbnailUrl":"https:\/\/szafarzetarnow.pl\/wp-content\/uploads\/2025\/12\/54990409846_f0539d3bd6_o.jpg","datePublished":"2025-12-19T23:00:16+00:00","dateModified":"2025-12-20T07:58:46+00:00","author":{"@id":"https:\/\/szafarzetarnow.pl\/#\/schema\/person\/d2eff972cfd1e0843c8e62dc13fcba30"},"description":"Tradycyjnie w Kurii Diecezjalnej odby\u0142o si\u0119 spotkanie bo\u017conarodzeniowe Biskupa Tarnowskiego Andrzeja Je\u017ca z przedstawicielami ruch\u00f3w i stowarzysze\u0144 diecezji tarnowskiej.","breadcrumb":{"@id":"https:\/\/szafarzetarnow.pl\/?p=1012#breadcrumb"},"inLanguage":"en-US","potentialAction":[{"@type":"ReadAction","target":["https:\/\/szafarzetarnow.pl\/?p=1012"]}]},{"@type":"ImageObject","inLanguage":"en-US","@id":"https:\/\/szafarzetarnow.pl\/?p=1012#primaryimage","url":"https:\/\/szafarzetarnow.pl\/wp-content\/uploads\/2025\/12\/54990409846_f0539d3bd6_o.jpg","contentUrl":"https:\/\/szafarzetarnow.pl\/wp-content\/uploads\/2025\/12\/54990409846_f0539d3bd6_o.jpg","width":2048,"height":1365},{"@type":"BreadcrumbList","@id":"https:\/\/szafarzetarnow.pl\/?p=1012#breadcrumb","itemListElement":[{"@type":"ListItem","position":1,"name":"Home","item":"https:\/\/szafarzetarnow.pl\/"},{"@type":"ListItem","position":2,"name":"Z \u017cyczeniami u Pasterza"}]},{"@type":"WebSite","@id":"https:\/\/szafarzetarnow.pl\/#website","url":"https:\/\/szafarzetarnow.pl\/","name":"szafarzetarnow.pl","description":"","potentialAction":[{"@type":"SearchAction","target":{"@type":"EntryPoint","urlTemplate":"https:\/\/szafarzetarnow.pl\/?s={search_term_string}"},"query-input":{"@type":"PropertyValueSpecification","valueRequired":true,"valueName":"search_term_string"}}],"inLanguage":"en-US"},{"@type":"Person","@id":"https:\/\/szafarzetarnow.pl\/#\/schema\/person\/d2eff972cfd1e0843c8e62dc13fcba30","name":"Przemek Rura","image":{"@type":"ImageObject","inLanguage":"en-US","@id":"https:\/\/secure.gravatar.com\/avatar\/e45b267abee2982cb75173ae1953797b1304a28700a3f83606dbf09eebe422c7?s=96&d=mm&r=g","url":"https:\/\/secure.gravatar.com\/avatar\/e45b267abee2982cb75173ae1953797b1304a28700a3f83606dbf09eebe422c7?s=96&d=mm&r=g","contentUrl":"https:\/\/secure.gravatar.com\/avatar\/e45b267abee2982cb75173ae1953797b1304a28700a3f83606dbf09eebe422c7?s=96&d=mm&r=g","caption":"Przemek Rura"},"sameAs":["http:\/\/szafarzetarnow.pl"],"url":"https:\/\/szafarzetarnow.pl\/?author=1"}]}},"_links":{"self":[{"href":"https:\/\/szafarzetarnow.pl\/index.php?rest_route=\/wp\/v2\/posts\/1012","targetHints":{"allow":["GET"]}}],"collection":[{"href":"https:\/\/szafarzetarnow.pl\/index.php?rest_route=\/wp\/v2\/posts"}],"about":[{"href":"https:\/\/szafarzetarnow.pl\/index.php?rest_route=\/wp\/v2\/types\/post"}],"author":[{"embeddable":true,"href":"https:\/\/szafarzetarnow.pl\/index.php?rest_route=\/wp\/v2\/users\/1"}],"replies":[{"embeddable":true,"href":"https:\/\/szafarzetarnow.pl\/index.php?rest_route=%2Fwp%2Fv2%2Fcomments&post=1012"}],"version-history":[{"count":2,"href":"https:\/\/szafarzetarnow.pl\/index.php?rest_route=\/wp\/v2\/posts\/1012\/revisions"}],"predecessor-version":[{"id":1017,"href":"https:\/\/szafarzetarnow.pl\/index.php?rest_route=\/wp\/v2\/posts\/1012\/revisions\/1017"}],"wp:featuredmedia":[{"embeddable":true,"href":"https:\/\/szafarzetarnow.pl\/index.php?rest_route=\/wp\/v2\/media\/1009"}],"wp:attachment":[{"href":"https:\/\/szafarzetarnow.pl\/index.php?rest_route=%2Fwp%2Fv2%2Fmedia&parent=1012"}],"wp:term":[{"taxonomy":"category","embeddable":true,"href":"https:\/\/szafarzetarnow.pl\/index.php?rest_route=%2Fwp%2Fv2%2Fcategories&post=1012"},{"taxonomy":"post_tag","embeddable":true,"href":"https:\/\/szafarzetarnow.pl\/index.php?rest_route=%2Fwp%2Fv2%2Ftags&post=1012"}],"curies":[{"name":"wp","href":"https:\/\/api.w.org\/{rel}","templated":true}]}}