{"id":254,"date":"2023-10-01T19:33:18","date_gmt":"2023-10-01T17:33:18","guid":{"rendered":"https:\/\/szafarzetarnow.pl\/?p=254"},"modified":"2023-10-01T19:54:20","modified_gmt":"2023-10-01T17:54:20","slug":"informacje-dotyczaca-duszpasterstwa","status":"publish","type":"post","link":"https:\/\/szafarzetarnow.pl\/?p=254","title":{"rendered":"Informacje dotycz\u0105ca Duszpasterstwa Nadzwyczajnych Szafarzy Komunii \u015awi\u0119tej"},"content":{"rendered":"\n<h2 class=\"wp-block-heading\">Informacje dotycz\u0105ca Duszpasterstwa Nadzwyczajnych Szafarzy Komunii \u015awi\u0119tej<\/h2>\n\n\n\n<p>Czcigodni Adresaci,<br>prosz\u0119 o przekazanie informacji Nadzwyczajnym Szafarz\u0105 Komunii \u015awi\u0119tej odno\u015bnie spraw duszpasterstwa i sta\u0142ej formacji.<\/p>\n\n\n\n<figure class=\"wp-block-image size-large\"><img fetchpriority=\"high\" decoding=\"async\" width=\"1024\" height=\"683\" src=\"https:\/\/szafarzetarnow.pl\/wp-content\/uploads\/2023\/06\/PR-20-1-1024x683.jpg\" alt=\"\" class=\"wp-image-170\" srcset=\"https:\/\/szafarzetarnow.pl\/wp-content\/uploads\/2023\/06\/PR-20-1-1024x683.jpg 1024w, https:\/\/szafarzetarnow.pl\/wp-content\/uploads\/2023\/06\/PR-20-1-300x200.jpg 300w, https:\/\/szafarzetarnow.pl\/wp-content\/uploads\/2023\/06\/PR-20-1-768x512.jpg 768w, https:\/\/szafarzetarnow.pl\/wp-content\/uploads\/2023\/06\/PR-20-1-1536x1024.jpg 1536w, https:\/\/szafarzetarnow.pl\/wp-content\/uploads\/2023\/06\/PR-20-1-360x240.jpg 360w, https:\/\/szafarzetarnow.pl\/wp-content\/uploads\/2023\/06\/PR-20-1.jpg 2048w\" sizes=\"(max-width: 1024px) 100vw, 1024px\" \/><figcaption class=\"wp-element-caption\">Fot. Przemek Rura<\/figcaption><\/figure>\n\n\n\n<h5 class=\"wp-block-heading\"><strong>Rekolekcje dla \u017bon Nadzwyczajnych Szafarzy Komunii \u015awi\u0119tej:<\/strong><\/h5>\n\n\n\n<p>Diecezjalne Centrum Pielgrzymowania im. Jana Paw\u0142a II w <strong>Starym S\u0105czu<\/strong><br>15-17 wrze\u015bnia 2023<br>Zg\u0142oszenia: tel. 18 446 14 39; tel. +48 794 555 585.<\/p>\n\n\n\n<h5 class=\"wp-block-heading\"><strong>Rekolekcje dla Nadzwyczajnych Szafarzy Komunii \u015awi\u0119tej:<\/strong><\/h5>\n\n\n\n<p>Centrum Formacyjno-Rekolekcyjne Diecezji Tarnowskiej \u201eArka\u201d w <strong>Gr\u00f3dku nad Dunajcem<\/strong><br>17-19 listopada 2023 \u2013 turnus I<br>24-26 listopada 2023 \u2013 turnus II<br>08-10 grudnia 2023 \u2013 turnus III<br>15-17 grudnia 2023 \u2013 turnus IV<br>Zg\u0142oszenia przez formularz:<br><a href=\"http:\/\/cfr-arka.pl\/rekolekcje-dla-nadzwyczajnych-szafarzy-komunii-swietej.html\">http:\/\/cfr-arka.pl\/rekolekcje-dla-nadzwyczajnych-szafarzy-komunii-swietej.html<\/a><br>lub telefon: tel. 18 440 13 00, tel. +48 605 088 112, tel. +48 606 807<\/p>\n\n\n\n<p>Diecezjalny Dom Rekolekcyjny w <strong>Ci\u0119\u017ckowicach<\/strong><br>01-03 grudnia 2023 \u2013 turnus I<br>08-10 grudnia 2023 \u2013 turnus II<br>15-17 grudnia 2023 \u2013 turnus III<br>Zg\u0142oszenia: tel. 14 651 00 13; tel. +48 503 154 047; tel. +48 606 512 655<\/p>\n\n\n\n<p>Diecezjalne Centrum Pielgrzymowania im. Jana Paw\u0142a II w <strong>Starym S\u0105czu<\/strong><br>10-12 listopada 2023 \u2013 turnus I<br>01-03 grudnia 2023 \u2013 turnus II<br>15-17 grudnia 2023 turnus III<br>Zg\u0142oszenia: tel. 18 446 14 39; tel. +48 794 555 585.<br><\/p>\n\n\n\n<figure class=\"wp-block-image size-large\"><img decoding=\"async\" width=\"1024\" height=\"683\" src=\"https:\/\/szafarzetarnow.pl\/wp-content\/uploads\/2023\/06\/PR-1-1024x683.jpg\" alt=\"\" class=\"wp-image-151\" srcset=\"https:\/\/szafarzetarnow.pl\/wp-content\/uploads\/2023\/06\/PR-1-1024x683.jpg 1024w, https:\/\/szafarzetarnow.pl\/wp-content\/uploads\/2023\/06\/PR-1-300x200.jpg 300w, https:\/\/szafarzetarnow.pl\/wp-content\/uploads\/2023\/06\/PR-1-768x512.jpg 768w, https:\/\/szafarzetarnow.pl\/wp-content\/uploads\/2023\/06\/PR-1-1536x1024.jpg 1536w, https:\/\/szafarzetarnow.pl\/wp-content\/uploads\/2023\/06\/PR-1-360x240.jpg 360w, https:\/\/szafarzetarnow.pl\/wp-content\/uploads\/2023\/06\/PR-1.jpg 2048w\" sizes=\"(max-width: 1024px) 100vw, 1024px\" \/><figcaption class=\"wp-element-caption\">Fot. Przemek Rura<\/figcaption><\/figure>\n\n\n\n<p>Przypominam, \u017ce coroczne uczestnictwo w rekolekcjach wpisuje si\u0119 w sta\u0142\u0105 formacj\u0119 szafarzy, dlatego jest obowi\u0105zkowe i stanowi jeden z warunk\u00f3w przed\u0142u\u017cenia misji kanonicznej. Jednocze\u015bnie pragn\u0119 przypomnie\u0107, \u017ce na wiosn\u0119 2024 roku jest planowany <strong>Kurs dla Nadzwyczajnych Szafarzy Komunii \u015awi\u0119tej (o ile b\u0119dzie taka potrzeba i odpowiednia liczba kandydat\u00f3w)<\/strong> , dlatego bardzo prosz\u0119 o rozeznanie ewentualnych kandydat\u00f3w z parafii. We wszystkich sprawach odno\u015bnie do kandydat\u00f3w na nowych szafarzy i sta\u0142ej formacji pe\u0142ni\u0105cych ju\u017c pos\u0142ug\u0119, mo\u017cna zwraca\u0107 si\u0119 do mnie osobi\u015bcie (ul. Kapitulna 2, 33 100 Tarn\u00f3w), telefonicznie (tel. +48 664 267 922) lub mailowo: jhjasiak@gmail.com<\/p>\n\n\n\n<p>Przypominam r\u00f3wnie\u017c, \u017ce \u201eKoszty zwi\u0105zane z kursem przygotowawczym i sta\u0142\u0105 formacj\u0105 pokrywaj\u0105 parafie\u201d (modyfikacja instrukcji w sprawie formacji i sposobu wykonywania pos\u0142ugi nadzwyczajnego szafarza Komunii \u015bwi\u0119tej z dnia 22 VI 1991; W-wa 18 X 2006 r.)<\/p>\n\n\n\n<p>Je\u017celi chodzi o <strong>przed\u0142u\u017cenie misji Nadzwyczajnego Szafarza Komunii \u015awi\u0119tej<\/strong> na kolejny rok, to przyjmujemy zasad\u0119, \u017ce szafarz przyje\u017cd\u017caj\u0105c na coroczne rekolekcje przywozi pro\u015bb\u0119 od swojego Proboszcza o przed\u0142u\u017ceniu misji, <strong>dotyczy to wszystkich szafarzy niezale\u017cnie od terminu zako\u0144czenia misji,<\/strong> chodzi o pewne uproszczenie, uporz\u0105dkowanie i ujednolicenie sprawy przed\u0142u\u017ce\u0144 misji (nied\u0142ugo dla u\u0142atwienia prze\u015bl\u0119 Ksi\u0119\u017com Proboszczom odpowiedni wz\u00f3r) i otrzymuje dokument przed\u0142u\u017caj\u0105cy misj\u0119 w ramach Wielkopostnego Dnia Skupienia (prze\u0142om lutego i marca 2024). W wypadku nieobecno\u015bci szafarza na rekolekcjach (z wa\u017cnego powodu) Ksi\u0105dz Proboszcz je\u015bli chce przed\u0142u\u017cy\u0107 misj\u0119 szafarzowi, wysy\u0142a pro\u015bb\u0119 do mnie na m\u00f3j adres (ul. Kapitulna 2, 33-100 Tarn\u00f3w). Je\u015bli jednak szafarz nie jest obecny na rekolekcjach, ani nie zostanie przes\u0142ana pro\u015bba o przed\u0142u\u017cenie misji, uznaje si\u0119, \u017ce misja wygas\u0142a.<\/p>\n\n\n\n<p>Legitymacje Nadzwyczajnego Szafarza Komunii \u015awi\u0119tej (wprowadzone na wiosn\u0119 tego roku) b\u0119d\u0105 podbijane i przed\u0142u\u017cane w czasie Wielkopostnego Dnia Skupienia (prze\u0142om lutego i marca 2024), prosz\u0119 wi\u0119c szafarzy o ich przywiezienie.<\/p>\n\n\n\n<div class=\"wp-block-file\"><a id=\"wp-block-file--media-f9a1930e-acbb-4f8d-85f1-675ac895c64b\" href=\"https:\/\/szafarzetarnow.pl\/wp-content\/uploads\/2023\/10\/Szafarze-wzor-prosby-o-przedluzenie-misji_2023_2025.docx\">Szafarze-wzor-prosby-o-przedluzenie-misji_2023_2025<\/a><a href=\"https:\/\/szafarzetarnow.pl\/wp-content\/uploads\/2023\/10\/Szafarze-wzor-prosby-o-przedluzenie-misji_2023_2025.docx\" class=\"wp-block-file__button wp-element-button\" download aria-describedby=\"wp-block-file--media-f9a1930e-acbb-4f8d-85f1-675ac895c64b\">Pobierz<\/a><\/div>\n\n\n\n<p class=\"has-text-align-right\">Ks. mgr lic. Jakub Jasiak<br>Diecezjalny Duszpasterz i Odpowiedzialny za formacj\u0119<br>Nadzwyczajnych Szafarzy Komunii \u015awi\u0119tej<\/p>\n","protected":false},"excerpt":{"rendered":"<p>Informacje dotycz\u0105ca Duszpasterstwa Nadzwyczajnych Szafarzy Komunii \u015awi\u0119tej Czcigodni Adresaci,prosz\u0119 o przekazanie informacji Nadzwyczajnym Szafarz\u0105 Komunii \u015awi\u0119tej odno\u015bnie spraw duszpasterstwa i sta\u0142ej formacji. Rekolekcje dla \u017bon Nadzwyczajnych Szafarzy Komunii \u015awi\u0119tej: Diecezjalne Centrum Pielgrzymowania im. Jana Paw\u0142a II w Starym S\u0105czu15-17 wrze\u015bnia 2023Zg\u0142oszenia: tel. 18 446 14 39; tel. +48 794 555 [&hellip;]<\/p>\n","protected":false},"author":1,"featured_media":170,"comment_status":"open","ping_status":"open","sticky":false,"template":"","format":"standard","meta":{"footnotes":""},"categories":[5],"tags":[],"class_list":["post-254","post","type-post","status-publish","format-standard","has-post-thumbnail","hentry","category-spotkania-formacyjne"],"yoast_head":"<!-- This site is optimized with the Yoast SEO plugin v27.3 - https:\/\/yoast.com\/product\/yoast-seo-wordpress\/ -->\n<title>Informacje dotycz\u0105ca Duszpasterstwa Nadzwyczajnych Szafarzy Komunii \u015awi\u0119tej - szafarzetarnow.pl<\/title>\n<meta name=\"description\" content=\"Informacje dla Nadzwyczajnych Szafarzy Komunii \u015awi\u0119tej odno\u015bnie spraw duszpasterstwa i sta\u0142ej formacji.\" \/>\n<meta name=\"robots\" content=\"index, follow, max-snippet:-1, max-image-preview:large, max-video-preview:-1\" \/>\n<link rel=\"canonical\" href=\"https:\/\/szafarzetarnow.pl\/?p=254\" \/>\n<meta property=\"og:locale\" content=\"en_US\" \/>\n<meta property=\"og:type\" content=\"article\" \/>\n<meta property=\"og:title\" content=\"Informacje dotycz\u0105ca Duszpasterstwa Nadzwyczajnych Szafarzy Komunii \u015awi\u0119tej - szafarzetarnow.pl\" \/>\n<meta property=\"og:description\" content=\"Informacje dla Nadzwyczajnych Szafarzy Komunii \u015awi\u0119tej odno\u015bnie spraw duszpasterstwa i sta\u0142ej formacji.\" \/>\n<meta property=\"og:url\" content=\"https:\/\/szafarzetarnow.pl\/?p=254\" \/>\n<meta property=\"og:site_name\" content=\"szafarzetarnow.pl\" \/>\n<meta property=\"article:published_time\" content=\"2023-10-01T17:33:18+00:00\" \/>\n<meta property=\"article:modified_time\" content=\"2023-10-01T17:54:20+00:00\" \/>\n<meta property=\"og:image\" content=\"https:\/\/szafarzetarnow.pl\/wp-content\/uploads\/2023\/06\/PR-20-1.jpg\" \/>\n\t<meta property=\"og:image:width\" content=\"2048\" \/>\n\t<meta property=\"og:image:height\" content=\"1365\" \/>\n\t<meta property=\"og:image:type\" content=\"image\/jpeg\" \/>\n<meta name=\"author\" content=\"Przemek Rura\" \/>\n<meta name=\"twitter:card\" content=\"summary_large_image\" \/>\n<meta name=\"twitter:label1\" content=\"Written by\" \/>\n\t<meta name=\"twitter:data1\" content=\"Przemek Rura\" \/>\n\t<meta name=\"twitter:label2\" content=\"Est. reading time\" \/>\n\t<meta name=\"twitter:data2\" content=\"4 minutes\" \/>\n<script type=\"application\/ld+json\" class=\"yoast-schema-graph\">{\"@context\":\"https:\\\/\\\/schema.org\",\"@graph\":[{\"@type\":\"Article\",\"@id\":\"https:\\\/\\\/szafarzetarnow.pl\\\/?p=254#article\",\"isPartOf\":{\"@id\":\"https:\\\/\\\/szafarzetarnow.pl\\\/?p=254\"},\"author\":{\"name\":\"Przemek Rura\",\"@id\":\"https:\\\/\\\/szafarzetarnow.pl\\\/#\\\/schema\\\/person\\\/d2eff972cfd1e0843c8e62dc13fcba30\"},\"headline\":\"Informacje dotycz\u0105ca Duszpasterstwa Nadzwyczajnych Szafarzy Komunii \u015awi\u0119tej\",\"datePublished\":\"2023-10-01T17:33:18+00:00\",\"dateModified\":\"2023-10-01T17:54:20+00:00\",\"mainEntityOfPage\":{\"@id\":\"https:\\\/\\\/szafarzetarnow.pl\\\/?p=254\"},\"wordCount\":516,\"commentCount\":0,\"image\":{\"@id\":\"https:\\\/\\\/szafarzetarnow.pl\\\/?p=254#primaryimage\"},\"thumbnailUrl\":\"https:\\\/\\\/szafarzetarnow.pl\\\/wp-content\\\/uploads\\\/2023\\\/06\\\/PR-20-1.jpg\",\"articleSection\":[\"Spotkania formacyjne\"],\"inLanguage\":\"en-US\",\"potentialAction\":[{\"@type\":\"CommentAction\",\"name\":\"Comment\",\"target\":[\"https:\\\/\\\/szafarzetarnow.pl\\\/?p=254#respond\"]}]},{\"@type\":\"WebPage\",\"@id\":\"https:\\\/\\\/szafarzetarnow.pl\\\/?p=254\",\"url\":\"https:\\\/\\\/szafarzetarnow.pl\\\/?p=254\",\"name\":\"Informacje dotycz\u0105ca Duszpasterstwa Nadzwyczajnych Szafarzy Komunii \u015awi\u0119tej - szafarzetarnow.pl\",\"isPartOf\":{\"@id\":\"https:\\\/\\\/szafarzetarnow.pl\\\/#website\"},\"primaryImageOfPage\":{\"@id\":\"https:\\\/\\\/szafarzetarnow.pl\\\/?p=254#primaryimage\"},\"image\":{\"@id\":\"https:\\\/\\\/szafarzetarnow.pl\\\/?p=254#primaryimage\"},\"thumbnailUrl\":\"https:\\\/\\\/szafarzetarnow.pl\\\/wp-content\\\/uploads\\\/2023\\\/06\\\/PR-20-1.jpg\",\"datePublished\":\"2023-10-01T17:33:18+00:00\",\"dateModified\":\"2023-10-01T17:54:20+00:00\",\"author\":{\"@id\":\"https:\\\/\\\/szafarzetarnow.pl\\\/#\\\/schema\\\/person\\\/d2eff972cfd1e0843c8e62dc13fcba30\"},\"description\":\"Informacje dla Nadzwyczajnych Szafarzy Komunii \u015awi\u0119tej odno\u015bnie spraw duszpasterstwa i sta\u0142ej formacji.\",\"breadcrumb\":{\"@id\":\"https:\\\/\\\/szafarzetarnow.pl\\\/?p=254#breadcrumb\"},\"inLanguage\":\"en-US\",\"potentialAction\":[{\"@type\":\"ReadAction\",\"target\":[\"https:\\\/\\\/szafarzetarnow.pl\\\/?p=254\"]}]},{\"@type\":\"ImageObject\",\"inLanguage\":\"en-US\",\"@id\":\"https:\\\/\\\/szafarzetarnow.pl\\\/?p=254#primaryimage\",\"url\":\"https:\\\/\\\/szafarzetarnow.pl\\\/wp-content\\\/uploads\\\/2023\\\/06\\\/PR-20-1.jpg\",\"contentUrl\":\"https:\\\/\\\/szafarzetarnow.pl\\\/wp-content\\\/uploads\\\/2023\\\/06\\\/PR-20-1.jpg\",\"width\":2048,\"height\":1365},{\"@type\":\"BreadcrumbList\",\"@id\":\"https:\\\/\\\/szafarzetarnow.pl\\\/?p=254#breadcrumb\",\"itemListElement\":[{\"@type\":\"ListItem\",\"position\":1,\"name\":\"Home\",\"item\":\"https:\\\/\\\/szafarzetarnow.pl\\\/\"},{\"@type\":\"ListItem\",\"position\":2,\"name\":\"Informacje dotycz\u0105ca Duszpasterstwa Nadzwyczajnych Szafarzy Komunii \u015awi\u0119tej\"}]},{\"@type\":\"WebSite\",\"@id\":\"https:\\\/\\\/szafarzetarnow.pl\\\/#website\",\"url\":\"https:\\\/\\\/szafarzetarnow.pl\\\/\",\"name\":\"szafarzetarnow.pl\",\"description\":\"\",\"potentialAction\":[{\"@type\":\"SearchAction\",\"target\":{\"@type\":\"EntryPoint\",\"urlTemplate\":\"https:\\\/\\\/szafarzetarnow.pl\\\/?s={search_term_string}\"},\"query-input\":{\"@type\":\"PropertyValueSpecification\",\"valueRequired\":true,\"valueName\":\"search_term_string\"}}],\"inLanguage\":\"en-US\"},{\"@type\":\"Person\",\"@id\":\"https:\\\/\\\/szafarzetarnow.pl\\\/#\\\/schema\\\/person\\\/d2eff972cfd1e0843c8e62dc13fcba30\",\"name\":\"Przemek Rura\",\"image\":{\"@type\":\"ImageObject\",\"inLanguage\":\"en-US\",\"@id\":\"https:\\\/\\\/secure.gravatar.com\\\/avatar\\\/e45b267abee2982cb75173ae1953797b1304a28700a3f83606dbf09eebe422c7?s=96&d=mm&r=g\",\"url\":\"https:\\\/\\\/secure.gravatar.com\\\/avatar\\\/e45b267abee2982cb75173ae1953797b1304a28700a3f83606dbf09eebe422c7?s=96&d=mm&r=g\",\"contentUrl\":\"https:\\\/\\\/secure.gravatar.com\\\/avatar\\\/e45b267abee2982cb75173ae1953797b1304a28700a3f83606dbf09eebe422c7?s=96&d=mm&r=g\",\"caption\":\"Przemek Rura\"},\"sameAs\":[\"http:\\\/\\\/szafarzetarnow.pl\"],\"url\":\"https:\\\/\\\/szafarzetarnow.pl\\\/?author=1\"}]}<\/script>\n<!-- \/ Yoast SEO plugin. -->","yoast_head_json":{"title":"Informacje dotycz\u0105ca Duszpasterstwa Nadzwyczajnych Szafarzy Komunii \u015awi\u0119tej - szafarzetarnow.pl","description":"Informacje dla Nadzwyczajnych Szafarzy Komunii \u015awi\u0119tej odno\u015bnie spraw duszpasterstwa i sta\u0142ej formacji.","robots":{"index":"index","follow":"follow","max-snippet":"max-snippet:-1","max-image-preview":"max-image-preview:large","max-video-preview":"max-video-preview:-1"},"canonical":"https:\/\/szafarzetarnow.pl\/?p=254","og_locale":"en_US","og_type":"article","og_title":"Informacje dotycz\u0105ca Duszpasterstwa Nadzwyczajnych Szafarzy Komunii \u015awi\u0119tej - szafarzetarnow.pl","og_description":"Informacje dla Nadzwyczajnych Szafarzy Komunii \u015awi\u0119tej odno\u015bnie spraw duszpasterstwa i sta\u0142ej formacji.","og_url":"https:\/\/szafarzetarnow.pl\/?p=254","og_site_name":"szafarzetarnow.pl","article_published_time":"2023-10-01T17:33:18+00:00","article_modified_time":"2023-10-01T17:54:20+00:00","og_image":[{"width":2048,"height":1365,"url":"https:\/\/szafarzetarnow.pl\/wp-content\/uploads\/2023\/06\/PR-20-1.jpg","type":"image\/jpeg"}],"author":"Przemek Rura","twitter_card":"summary_large_image","twitter_misc":{"Written by":"Przemek Rura","Est. reading time":"4 minutes"},"schema":{"@context":"https:\/\/schema.org","@graph":[{"@type":"Article","@id":"https:\/\/szafarzetarnow.pl\/?p=254#article","isPartOf":{"@id":"https:\/\/szafarzetarnow.pl\/?p=254"},"author":{"name":"Przemek Rura","@id":"https:\/\/szafarzetarnow.pl\/#\/schema\/person\/d2eff972cfd1e0843c8e62dc13fcba30"},"headline":"Informacje dotycz\u0105ca Duszpasterstwa Nadzwyczajnych Szafarzy Komunii \u015awi\u0119tej","datePublished":"2023-10-01T17:33:18+00:00","dateModified":"2023-10-01T17:54:20+00:00","mainEntityOfPage":{"@id":"https:\/\/szafarzetarnow.pl\/?p=254"},"wordCount":516,"commentCount":0,"image":{"@id":"https:\/\/szafarzetarnow.pl\/?p=254#primaryimage"},"thumbnailUrl":"https:\/\/szafarzetarnow.pl\/wp-content\/uploads\/2023\/06\/PR-20-1.jpg","articleSection":["Spotkania formacyjne"],"inLanguage":"en-US","potentialAction":[{"@type":"CommentAction","name":"Comment","target":["https:\/\/szafarzetarnow.pl\/?p=254#respond"]}]},{"@type":"WebPage","@id":"https:\/\/szafarzetarnow.pl\/?p=254","url":"https:\/\/szafarzetarnow.pl\/?p=254","name":"Informacje dotycz\u0105ca Duszpasterstwa Nadzwyczajnych Szafarzy Komunii \u015awi\u0119tej - szafarzetarnow.pl","isPartOf":{"@id":"https:\/\/szafarzetarnow.pl\/#website"},"primaryImageOfPage":{"@id":"https:\/\/szafarzetarnow.pl\/?p=254#primaryimage"},"image":{"@id":"https:\/\/szafarzetarnow.pl\/?p=254#primaryimage"},"thumbnailUrl":"https:\/\/szafarzetarnow.pl\/wp-content\/uploads\/2023\/06\/PR-20-1.jpg","datePublished":"2023-10-01T17:33:18+00:00","dateModified":"2023-10-01T17:54:20+00:00","author":{"@id":"https:\/\/szafarzetarnow.pl\/#\/schema\/person\/d2eff972cfd1e0843c8e62dc13fcba30"},"description":"Informacje dla Nadzwyczajnych Szafarzy Komunii \u015awi\u0119tej odno\u015bnie spraw duszpasterstwa i sta\u0142ej formacji.","breadcrumb":{"@id":"https:\/\/szafarzetarnow.pl\/?p=254#breadcrumb"},"inLanguage":"en-US","potentialAction":[{"@type":"ReadAction","target":["https:\/\/szafarzetarnow.pl\/?p=254"]}]},{"@type":"ImageObject","inLanguage":"en-US","@id":"https:\/\/szafarzetarnow.pl\/?p=254#primaryimage","url":"https:\/\/szafarzetarnow.pl\/wp-content\/uploads\/2023\/06\/PR-20-1.jpg","contentUrl":"https:\/\/szafarzetarnow.pl\/wp-content\/uploads\/2023\/06\/PR-20-1.jpg","width":2048,"height":1365},{"@type":"BreadcrumbList","@id":"https:\/\/szafarzetarnow.pl\/?p=254#breadcrumb","itemListElement":[{"@type":"ListItem","position":1,"name":"Home","item":"https:\/\/szafarzetarnow.pl\/"},{"@type":"ListItem","position":2,"name":"Informacje dotycz\u0105ca Duszpasterstwa Nadzwyczajnych Szafarzy Komunii \u015awi\u0119tej"}]},{"@type":"WebSite","@id":"https:\/\/szafarzetarnow.pl\/#website","url":"https:\/\/szafarzetarnow.pl\/","name":"szafarzetarnow.pl","description":"","potentialAction":[{"@type":"SearchAction","target":{"@type":"EntryPoint","urlTemplate":"https:\/\/szafarzetarnow.pl\/?s={search_term_string}"},"query-input":{"@type":"PropertyValueSpecification","valueRequired":true,"valueName":"search_term_string"}}],"inLanguage":"en-US"},{"@type":"Person","@id":"https:\/\/szafarzetarnow.pl\/#\/schema\/person\/d2eff972cfd1e0843c8e62dc13fcba30","name":"Przemek Rura","image":{"@type":"ImageObject","inLanguage":"en-US","@id":"https:\/\/secure.gravatar.com\/avatar\/e45b267abee2982cb75173ae1953797b1304a28700a3f83606dbf09eebe422c7?s=96&d=mm&r=g","url":"https:\/\/secure.gravatar.com\/avatar\/e45b267abee2982cb75173ae1953797b1304a28700a3f83606dbf09eebe422c7?s=96&d=mm&r=g","contentUrl":"https:\/\/secure.gravatar.com\/avatar\/e45b267abee2982cb75173ae1953797b1304a28700a3f83606dbf09eebe422c7?s=96&d=mm&r=g","caption":"Przemek Rura"},"sameAs":["http:\/\/szafarzetarnow.pl"],"url":"https:\/\/szafarzetarnow.pl\/?author=1"}]}},"_links":{"self":[{"href":"https:\/\/szafarzetarnow.pl\/index.php?rest_route=\/wp\/v2\/posts\/254","targetHints":{"allow":["GET"]}}],"collection":[{"href":"https:\/\/szafarzetarnow.pl\/index.php?rest_route=\/wp\/v2\/posts"}],"about":[{"href":"https:\/\/szafarzetarnow.pl\/index.php?rest_route=\/wp\/v2\/types\/post"}],"author":[{"embeddable":true,"href":"https:\/\/szafarzetarnow.pl\/index.php?rest_route=\/wp\/v2\/users\/1"}],"replies":[{"embeddable":true,"href":"https:\/\/szafarzetarnow.pl\/index.php?rest_route=%2Fwp%2Fv2%2Fcomments&post=254"}],"version-history":[{"count":11,"href":"https:\/\/szafarzetarnow.pl\/index.php?rest_route=\/wp\/v2\/posts\/254\/revisions"}],"predecessor-version":[{"id":270,"href":"https:\/\/szafarzetarnow.pl\/index.php?rest_route=\/wp\/v2\/posts\/254\/revisions\/270"}],"wp:featuredmedia":[{"embeddable":true,"href":"https:\/\/szafarzetarnow.pl\/index.php?rest_route=\/wp\/v2\/media\/170"}],"wp:attachment":[{"href":"https:\/\/szafarzetarnow.pl\/index.php?rest_route=%2Fwp%2Fv2%2Fmedia&parent=254"}],"wp:term":[{"taxonomy":"category","embeddable":true,"href":"https:\/\/szafarzetarnow.pl\/index.php?rest_route=%2Fwp%2Fv2%2Fcategories&post=254"},{"taxonomy":"post_tag","embeddable":true,"href":"https:\/\/szafarzetarnow.pl\/index.php?rest_route=%2Fwp%2Fv2%2Ftags&post=254"}],"curies":[{"name":"wp","href":"https:\/\/api.w.org\/{rel}","templated":true}]}}