{"id":426,"date":"2024-03-30T17:04:44","date_gmt":"2024-03-30T16:04:44","guid":{"rendered":"https:\/\/szafarzetarnow.pl\/?p=426"},"modified":"2024-03-30T17:10:16","modified_gmt":"2024-03-30T16:10:16","slug":"spotkanie-wielkanocne-z-pasterzem-kosciola-tarnowskiego","status":"publish","type":"post","link":"https:\/\/szafarzetarnow.pl\/?p=426","title":{"rendered":"Spotkanie wielkanocne z Pasterzem Ko\u015bcio\u0142a Tarnowskiego"},"content":{"rendered":"\n<h2 class=\"wp-block-heading\">Spotkanie wielkanocne z Pasterzem Ko\u015bcio\u0142a Tarnowskiego<\/h2>\n\n\n\n<p>Jak co roku przed \u015awi\u0119tami Wielkanocnymi odby\u0142o si\u0119 spotkanie przedstawicieli ruch\u00f3w i stowarzysze\u0144 katolickich z Biskupem Tarnowskim. Nadzwyczajnych Szafarzy Komunii \u015bwi\u0119tej&nbsp;reprezentowali pan Pawe\u0142 \u0141opatka z tarnowskiej katedry oraz pan Tadeusz Pudlewski z Tarnowca.<\/p>\n\n\n\n<figure class=\"wp-block-image size-large\"><img fetchpriority=\"high\" decoding=\"async\" width=\"1024\" height=\"576\" src=\"https:\/\/szafarzetarnow.pl\/wp-content\/uploads\/2024\/03\/PR-1-1-1024x576.jpg\" alt=\"\" class=\"wp-image-427\" srcset=\"https:\/\/szafarzetarnow.pl\/wp-content\/uploads\/2024\/03\/PR-1-1-1024x576.jpg 1024w, https:\/\/szafarzetarnow.pl\/wp-content\/uploads\/2024\/03\/PR-1-1-300x169.jpg 300w, https:\/\/szafarzetarnow.pl\/wp-content\/uploads\/2024\/03\/PR-1-1-768x432.jpg 768w, https:\/\/szafarzetarnow.pl\/wp-content\/uploads\/2024\/03\/PR-1-1-1536x864.jpg 1536w, https:\/\/szafarzetarnow.pl\/wp-content\/uploads\/2024\/03\/PR-1-1-2048x1152.jpg 2048w\" sizes=\"(max-width: 1024px) 100vw, 1024px\" \/><\/figure>\n\n\n\n<p><br>Nasi przedstawiciele podzi\u0119kowali Ksi\u0119dzu Biskupowi za wsparcie naszego duszpasterstwa i \u017cyczyli si\u0142 w dalszej pracy apostolskiej od Chrystusa Zmartwychwsta\u0142ego. Ksi\u0105dz Biskup wyrazi\u0142 wdzi\u0119czno\u015b\u0107 za gorliw\u0105 pos\u0142ug\u0119 nadzwyczajnych szafarzy w naszej diecezji, ciesz\u0105c si\u0119 r\u00f3wnie\u017c z nowego kursu, kt\u00f3ry rusza ju\u017c po \u015bwi\u0119tach. \u017byczy\u0142 wszystkim nadzwyczajnym szafarzom i ich rodzinom pokoju i rado\u015bci z faktu Zmartwychwstania Jezusa.<\/p>\n\n\n\n<p>(zdj\u0119cia: Norbert Witek, ks. Tomasz \u015apiewak &#8211; Portal Diecezji Tarnowskiej)<br><a href=\"https:\/\/drive.google.com\/drive\/folders\/1vZfqYDQjiyGyv3AgYFubUG3-Om1VoMuA?usp=sharing\" target=\"_blank\" rel=\"noreferrer noopener\">https:\/\/drive.google.com\/drive\/folders\/1vZfqYDQjiyGyv3AgYFubUG3-Om1VoMuA?usp=sharing<\/a><\/p>\n","protected":false},"excerpt":{"rendered":"<p>Spotkanie wielkanocne z Pasterzem Ko\u015bcio\u0142a Tarnowskiego Jak co roku przed \u015awi\u0119tami Wielkanocnymi odby\u0142o si\u0119 spotkanie przedstawicieli ruch\u00f3w i stowarzysze\u0144 katolickich z Biskupem Tarnowskim. Nadzwyczajnych Szafarzy Komunii \u015bwi\u0119tej&nbsp;reprezentowali pan Pawe\u0142 \u0141opatka z tarnowskiej katedry oraz pan Tadeusz Pudlewski z Tarnowca. Nasi przedstawiciele podzi\u0119kowali Ksi\u0119dzu Biskupowi za wsparcie naszego duszpasterstwa i \u017cyczyli [&hellip;]<\/p>\n","protected":false},"author":1,"featured_media":427,"comment_status":"open","ping_status":"open","sticky":false,"template":"","format":"standard","meta":{"footnotes":""},"categories":[3],"tags":[],"class_list":["post-426","post","type-post","status-publish","format-standard","has-post-thumbnail","hentry","category-ogolne"],"yoast_head":"<!-- This site is optimized with the Yoast SEO plugin v27.3 - https:\/\/yoast.com\/product\/yoast-seo-wordpress\/ -->\n<title>Spotkanie wielkanocne z Pasterzem Ko\u015bcio\u0142a Tarnowskiego<\/title>\n<meta name=\"description\" content=\"Spotkanie wielkanocne z Pasterzem Ko\u015bcio\u0142a Tarnowskiego\" \/>\n<meta name=\"robots\" content=\"index, follow, max-snippet:-1, max-image-preview:large, max-video-preview:-1\" \/>\n<link rel=\"canonical\" href=\"https:\/\/szafarzetarnow.pl\/?p=426\" \/>\n<meta property=\"og:locale\" content=\"en_US\" \/>\n<meta property=\"og:type\" content=\"article\" \/>\n<meta property=\"og:title\" content=\"Spotkanie wielkanocne z Pasterzem Ko\u015bcio\u0142a Tarnowskiego\" \/>\n<meta property=\"og:description\" content=\"Spotkanie wielkanocne z Pasterzem Ko\u015bcio\u0142a Tarnowskiego\" \/>\n<meta property=\"og:url\" content=\"https:\/\/szafarzetarnow.pl\/?p=426\" \/>\n<meta property=\"og:site_name\" content=\"szafarzetarnow.pl\" \/>\n<meta property=\"article:published_time\" content=\"2024-03-30T16:04:44+00:00\" \/>\n<meta property=\"article:modified_time\" content=\"2024-03-30T16:10:16+00:00\" \/>\n<meta property=\"og:image\" content=\"https:\/\/szafarzetarnow.pl\/wp-content\/uploads\/2024\/03\/PR-1-1-scaled.jpg\" \/>\n\t<meta property=\"og:image:width\" content=\"2560\" \/>\n\t<meta property=\"og:image:height\" content=\"1440\" \/>\n\t<meta property=\"og:image:type\" content=\"image\/jpeg\" \/>\n<meta name=\"author\" content=\"Przemek Rura\" \/>\n<meta name=\"twitter:card\" content=\"summary_large_image\" \/>\n<meta name=\"twitter:label1\" content=\"Written by\" \/>\n\t<meta name=\"twitter:data1\" content=\"Przemek Rura\" \/>\n\t<meta name=\"twitter:label2\" content=\"Est. reading time\" \/>\n\t<meta name=\"twitter:data2\" content=\"1 minute\" \/>\n<script type=\"application\/ld+json\" class=\"yoast-schema-graph\">{\"@context\":\"https:\\\/\\\/schema.org\",\"@graph\":[{\"@type\":\"Article\",\"@id\":\"https:\\\/\\\/szafarzetarnow.pl\\\/?p=426#article\",\"isPartOf\":{\"@id\":\"https:\\\/\\\/szafarzetarnow.pl\\\/?p=426\"},\"author\":{\"name\":\"Przemek Rura\",\"@id\":\"https:\\\/\\\/szafarzetarnow.pl\\\/#\\\/schema\\\/person\\\/d2eff972cfd1e0843c8e62dc13fcba30\"},\"headline\":\"Spotkanie wielkanocne z Pasterzem Ko\u015bcio\u0142a Tarnowskiego\",\"datePublished\":\"2024-03-30T16:04:44+00:00\",\"dateModified\":\"2024-03-30T16:10:16+00:00\",\"mainEntityOfPage\":{\"@id\":\"https:\\\/\\\/szafarzetarnow.pl\\\/?p=426\"},\"wordCount\":145,\"commentCount\":0,\"image\":{\"@id\":\"https:\\\/\\\/szafarzetarnow.pl\\\/?p=426#primaryimage\"},\"thumbnailUrl\":\"https:\\\/\\\/szafarzetarnow.pl\\\/wp-content\\\/uploads\\\/2024\\\/03\\\/PR-1-1-scaled.jpg\",\"articleSection\":[\"Og\u00f3lne\"],\"inLanguage\":\"en-US\",\"potentialAction\":[{\"@type\":\"CommentAction\",\"name\":\"Comment\",\"target\":[\"https:\\\/\\\/szafarzetarnow.pl\\\/?p=426#respond\"]}]},{\"@type\":\"WebPage\",\"@id\":\"https:\\\/\\\/szafarzetarnow.pl\\\/?p=426\",\"url\":\"https:\\\/\\\/szafarzetarnow.pl\\\/?p=426\",\"name\":\"Spotkanie wielkanocne z Pasterzem Ko\u015bcio\u0142a Tarnowskiego\",\"isPartOf\":{\"@id\":\"https:\\\/\\\/szafarzetarnow.pl\\\/#website\"},\"primaryImageOfPage\":{\"@id\":\"https:\\\/\\\/szafarzetarnow.pl\\\/?p=426#primaryimage\"},\"image\":{\"@id\":\"https:\\\/\\\/szafarzetarnow.pl\\\/?p=426#primaryimage\"},\"thumbnailUrl\":\"https:\\\/\\\/szafarzetarnow.pl\\\/wp-content\\\/uploads\\\/2024\\\/03\\\/PR-1-1-scaled.jpg\",\"datePublished\":\"2024-03-30T16:04:44+00:00\",\"dateModified\":\"2024-03-30T16:10:16+00:00\",\"author\":{\"@id\":\"https:\\\/\\\/szafarzetarnow.pl\\\/#\\\/schema\\\/person\\\/d2eff972cfd1e0843c8e62dc13fcba30\"},\"description\":\"Spotkanie wielkanocne z Pasterzem Ko\u015bcio\u0142a Tarnowskiego\",\"breadcrumb\":{\"@id\":\"https:\\\/\\\/szafarzetarnow.pl\\\/?p=426#breadcrumb\"},\"inLanguage\":\"en-US\",\"potentialAction\":[{\"@type\":\"ReadAction\",\"target\":[\"https:\\\/\\\/szafarzetarnow.pl\\\/?p=426\"]}]},{\"@type\":\"ImageObject\",\"inLanguage\":\"en-US\",\"@id\":\"https:\\\/\\\/szafarzetarnow.pl\\\/?p=426#primaryimage\",\"url\":\"https:\\\/\\\/szafarzetarnow.pl\\\/wp-content\\\/uploads\\\/2024\\\/03\\\/PR-1-1-scaled.jpg\",\"contentUrl\":\"https:\\\/\\\/szafarzetarnow.pl\\\/wp-content\\\/uploads\\\/2024\\\/03\\\/PR-1-1-scaled.jpg\",\"width\":2560,\"height\":1440},{\"@type\":\"BreadcrumbList\",\"@id\":\"https:\\\/\\\/szafarzetarnow.pl\\\/?p=426#breadcrumb\",\"itemListElement\":[{\"@type\":\"ListItem\",\"position\":1,\"name\":\"Home\",\"item\":\"https:\\\/\\\/szafarzetarnow.pl\\\/\"},{\"@type\":\"ListItem\",\"position\":2,\"name\":\"Spotkanie wielkanocne z Pasterzem Ko\u015bcio\u0142a Tarnowskiego\"}]},{\"@type\":\"WebSite\",\"@id\":\"https:\\\/\\\/szafarzetarnow.pl\\\/#website\",\"url\":\"https:\\\/\\\/szafarzetarnow.pl\\\/\",\"name\":\"szafarzetarnow.pl\",\"description\":\"\",\"potentialAction\":[{\"@type\":\"SearchAction\",\"target\":{\"@type\":\"EntryPoint\",\"urlTemplate\":\"https:\\\/\\\/szafarzetarnow.pl\\\/?s={search_term_string}\"},\"query-input\":{\"@type\":\"PropertyValueSpecification\",\"valueRequired\":true,\"valueName\":\"search_term_string\"}}],\"inLanguage\":\"en-US\"},{\"@type\":\"Person\",\"@id\":\"https:\\\/\\\/szafarzetarnow.pl\\\/#\\\/schema\\\/person\\\/d2eff972cfd1e0843c8e62dc13fcba30\",\"name\":\"Przemek Rura\",\"image\":{\"@type\":\"ImageObject\",\"inLanguage\":\"en-US\",\"@id\":\"https:\\\/\\\/secure.gravatar.com\\\/avatar\\\/e45b267abee2982cb75173ae1953797b1304a28700a3f83606dbf09eebe422c7?s=96&d=mm&r=g\",\"url\":\"https:\\\/\\\/secure.gravatar.com\\\/avatar\\\/e45b267abee2982cb75173ae1953797b1304a28700a3f83606dbf09eebe422c7?s=96&d=mm&r=g\",\"contentUrl\":\"https:\\\/\\\/secure.gravatar.com\\\/avatar\\\/e45b267abee2982cb75173ae1953797b1304a28700a3f83606dbf09eebe422c7?s=96&d=mm&r=g\",\"caption\":\"Przemek Rura\"},\"sameAs\":[\"http:\\\/\\\/szafarzetarnow.pl\"],\"url\":\"https:\\\/\\\/szafarzetarnow.pl\\\/?author=1\"}]}<\/script>\n<!-- \/ Yoast SEO plugin. -->","yoast_head_json":{"title":"Spotkanie wielkanocne z Pasterzem Ko\u015bcio\u0142a Tarnowskiego","description":"Spotkanie wielkanocne z Pasterzem Ko\u015bcio\u0142a Tarnowskiego","robots":{"index":"index","follow":"follow","max-snippet":"max-snippet:-1","max-image-preview":"max-image-preview:large","max-video-preview":"max-video-preview:-1"},"canonical":"https:\/\/szafarzetarnow.pl\/?p=426","og_locale":"en_US","og_type":"article","og_title":"Spotkanie wielkanocne z Pasterzem Ko\u015bcio\u0142a Tarnowskiego","og_description":"Spotkanie wielkanocne z Pasterzem Ko\u015bcio\u0142a Tarnowskiego","og_url":"https:\/\/szafarzetarnow.pl\/?p=426","og_site_name":"szafarzetarnow.pl","article_published_time":"2024-03-30T16:04:44+00:00","article_modified_time":"2024-03-30T16:10:16+00:00","og_image":[{"width":2560,"height":1440,"url":"https:\/\/szafarzetarnow.pl\/wp-content\/uploads\/2024\/03\/PR-1-1-scaled.jpg","type":"image\/jpeg"}],"author":"Przemek Rura","twitter_card":"summary_large_image","twitter_misc":{"Written by":"Przemek Rura","Est. reading time":"1 minute"},"schema":{"@context":"https:\/\/schema.org","@graph":[{"@type":"Article","@id":"https:\/\/szafarzetarnow.pl\/?p=426#article","isPartOf":{"@id":"https:\/\/szafarzetarnow.pl\/?p=426"},"author":{"name":"Przemek Rura","@id":"https:\/\/szafarzetarnow.pl\/#\/schema\/person\/d2eff972cfd1e0843c8e62dc13fcba30"},"headline":"Spotkanie wielkanocne z Pasterzem Ko\u015bcio\u0142a Tarnowskiego","datePublished":"2024-03-30T16:04:44+00:00","dateModified":"2024-03-30T16:10:16+00:00","mainEntityOfPage":{"@id":"https:\/\/szafarzetarnow.pl\/?p=426"},"wordCount":145,"commentCount":0,"image":{"@id":"https:\/\/szafarzetarnow.pl\/?p=426#primaryimage"},"thumbnailUrl":"https:\/\/szafarzetarnow.pl\/wp-content\/uploads\/2024\/03\/PR-1-1-scaled.jpg","articleSection":["Og\u00f3lne"],"inLanguage":"en-US","potentialAction":[{"@type":"CommentAction","name":"Comment","target":["https:\/\/szafarzetarnow.pl\/?p=426#respond"]}]},{"@type":"WebPage","@id":"https:\/\/szafarzetarnow.pl\/?p=426","url":"https:\/\/szafarzetarnow.pl\/?p=426","name":"Spotkanie wielkanocne z Pasterzem Ko\u015bcio\u0142a Tarnowskiego","isPartOf":{"@id":"https:\/\/szafarzetarnow.pl\/#website"},"primaryImageOfPage":{"@id":"https:\/\/szafarzetarnow.pl\/?p=426#primaryimage"},"image":{"@id":"https:\/\/szafarzetarnow.pl\/?p=426#primaryimage"},"thumbnailUrl":"https:\/\/szafarzetarnow.pl\/wp-content\/uploads\/2024\/03\/PR-1-1-scaled.jpg","datePublished":"2024-03-30T16:04:44+00:00","dateModified":"2024-03-30T16:10:16+00:00","author":{"@id":"https:\/\/szafarzetarnow.pl\/#\/schema\/person\/d2eff972cfd1e0843c8e62dc13fcba30"},"description":"Spotkanie wielkanocne z Pasterzem Ko\u015bcio\u0142a Tarnowskiego","breadcrumb":{"@id":"https:\/\/szafarzetarnow.pl\/?p=426#breadcrumb"},"inLanguage":"en-US","potentialAction":[{"@type":"ReadAction","target":["https:\/\/szafarzetarnow.pl\/?p=426"]}]},{"@type":"ImageObject","inLanguage":"en-US","@id":"https:\/\/szafarzetarnow.pl\/?p=426#primaryimage","url":"https:\/\/szafarzetarnow.pl\/wp-content\/uploads\/2024\/03\/PR-1-1-scaled.jpg","contentUrl":"https:\/\/szafarzetarnow.pl\/wp-content\/uploads\/2024\/03\/PR-1-1-scaled.jpg","width":2560,"height":1440},{"@type":"BreadcrumbList","@id":"https:\/\/szafarzetarnow.pl\/?p=426#breadcrumb","itemListElement":[{"@type":"ListItem","position":1,"name":"Home","item":"https:\/\/szafarzetarnow.pl\/"},{"@type":"ListItem","position":2,"name":"Spotkanie wielkanocne z Pasterzem Ko\u015bcio\u0142a Tarnowskiego"}]},{"@type":"WebSite","@id":"https:\/\/szafarzetarnow.pl\/#website","url":"https:\/\/szafarzetarnow.pl\/","name":"szafarzetarnow.pl","description":"","potentialAction":[{"@type":"SearchAction","target":{"@type":"EntryPoint","urlTemplate":"https:\/\/szafarzetarnow.pl\/?s={search_term_string}"},"query-input":{"@type":"PropertyValueSpecification","valueRequired":true,"valueName":"search_term_string"}}],"inLanguage":"en-US"},{"@type":"Person","@id":"https:\/\/szafarzetarnow.pl\/#\/schema\/person\/d2eff972cfd1e0843c8e62dc13fcba30","name":"Przemek Rura","image":{"@type":"ImageObject","inLanguage":"en-US","@id":"https:\/\/secure.gravatar.com\/avatar\/e45b267abee2982cb75173ae1953797b1304a28700a3f83606dbf09eebe422c7?s=96&d=mm&r=g","url":"https:\/\/secure.gravatar.com\/avatar\/e45b267abee2982cb75173ae1953797b1304a28700a3f83606dbf09eebe422c7?s=96&d=mm&r=g","contentUrl":"https:\/\/secure.gravatar.com\/avatar\/e45b267abee2982cb75173ae1953797b1304a28700a3f83606dbf09eebe422c7?s=96&d=mm&r=g","caption":"Przemek Rura"},"sameAs":["http:\/\/szafarzetarnow.pl"],"url":"https:\/\/szafarzetarnow.pl\/?author=1"}]}},"_links":{"self":[{"href":"https:\/\/szafarzetarnow.pl\/index.php?rest_route=\/wp\/v2\/posts\/426","targetHints":{"allow":["GET"]}}],"collection":[{"href":"https:\/\/szafarzetarnow.pl\/index.php?rest_route=\/wp\/v2\/posts"}],"about":[{"href":"https:\/\/szafarzetarnow.pl\/index.php?rest_route=\/wp\/v2\/types\/post"}],"author":[{"embeddable":true,"href":"https:\/\/szafarzetarnow.pl\/index.php?rest_route=\/wp\/v2\/users\/1"}],"replies":[{"embeddable":true,"href":"https:\/\/szafarzetarnow.pl\/index.php?rest_route=%2Fwp%2Fv2%2Fcomments&post=426"}],"version-history":[{"count":3,"href":"https:\/\/szafarzetarnow.pl\/index.php?rest_route=\/wp\/v2\/posts\/426\/revisions"}],"predecessor-version":[{"id":433,"href":"https:\/\/szafarzetarnow.pl\/index.php?rest_route=\/wp\/v2\/posts\/426\/revisions\/433"}],"wp:featuredmedia":[{"embeddable":true,"href":"https:\/\/szafarzetarnow.pl\/index.php?rest_route=\/wp\/v2\/media\/427"}],"wp:attachment":[{"href":"https:\/\/szafarzetarnow.pl\/index.php?rest_route=%2Fwp%2Fv2%2Fmedia&parent=426"}],"wp:term":[{"taxonomy":"category","embeddable":true,"href":"https:\/\/szafarzetarnow.pl\/index.php?rest_route=%2Fwp%2Fv2%2Fcategories&post=426"},{"taxonomy":"post_tag","embeddable":true,"href":"https:\/\/szafarzetarnow.pl\/index.php?rest_route=%2Fwp%2Fv2%2Ftags&post=426"}],"curies":[{"name":"wp","href":"https:\/\/api.w.org\/{rel}","templated":true}]}}