{"id":651,"date":"2025-01-28T14:15:45","date_gmt":"2025-01-28T13:15:45","guid":{"rendered":"https:\/\/szafarzetarnow.pl\/?p=651"},"modified":"2025-01-28T14:15:47","modified_gmt":"2025-01-28T13:15:47","slug":"zapisy-na-wielkopostny-dzien-skupienia","status":"publish","type":"post","link":"https:\/\/szafarzetarnow.pl\/?p=651","title":{"rendered":"Zapisy na Wielkopostny Dzie\u0144 Skupienia"},"content":{"rendered":"\n<h2 class=\"wp-block-heading\">Zapisy na Wielkopostny Dzie\u0144 Skupienia<\/h2>\n\n\n\n<figure class=\"wp-block-image size-large\"><img fetchpriority=\"high\" decoding=\"async\" width=\"1024\" height=\"683\" src=\"https:\/\/szafarzetarnow.pl\/wp-content\/uploads\/2024\/06\/PR-35-1024x683.jpg\" alt=\"\" class=\"wp-image-529\" srcset=\"https:\/\/szafarzetarnow.pl\/wp-content\/uploads\/2024\/06\/PR-35-1024x683.jpg 1024w, https:\/\/szafarzetarnow.pl\/wp-content\/uploads\/2024\/06\/PR-35-300x200.jpg 300w, https:\/\/szafarzetarnow.pl\/wp-content\/uploads\/2024\/06\/PR-35-768x512.jpg 768w, https:\/\/szafarzetarnow.pl\/wp-content\/uploads\/2024\/06\/PR-35-1536x1024.jpg 1536w, https:\/\/szafarzetarnow.pl\/wp-content\/uploads\/2024\/06\/PR-35-2048x1365.jpg 2048w, https:\/\/szafarzetarnow.pl\/wp-content\/uploads\/2024\/06\/PR-35-360x240.jpg 360w\" sizes=\"(max-width: 1024px) 100vw, 1024px\" \/><\/figure>\n\n\n\n<p><\/p>\n\n\n\n<p>Zapraszamy nadzwyczajnych szafarzy Komunii \u015bw. do zapis\u00f3w na jeden z Wielkopostnych Dni Skupienia, kt\u00f3re odb\u0119d\u0105 si\u0119 wed\u0142ug podanego ni\u017cej porz\u0105dku:<br>&#8211; 8 marca (Nowy S\u0105cz) <br>&#8211; 15 i 22 marca (Tarn\u00f3w)<br>Przy zapisie prosz\u0119 wybra\u0107 odpowiedni termin i miejsce. Zg\u0142oszenia na Wielkopostny Dzie\u0144 Skupienia dokonujemy przez formularz: <a href=\"https:\/\/kwestionariusz.diecezja.tarnow.pl\/Page\/EventPage\/2158\" target=\"_blank\" rel=\"noreferrer noopener\">https:\/\/kwestionariusz.diecezja.tarnow.pl\/Page\/EventPage\/2158<\/a> lub telefonicznie: Wydzia\u0142 Duszpasterstwa Og\u00f3lnego Kurii Diecezjalnej &#8211; tel. 14\u00a0631 73 80. Koszt: 100 z\u0142 (pokrywa Ks. Proboszcz).<br><br>Zg\u0142oszenia do 28 lutego 2025 roku.<\/p>\n\n\n\n<p> <\/p>\n\n\n\n<p><\/p>\n","protected":false},"excerpt":{"rendered":"<p>Zapisy na Wielkopostny Dzie\u0144 Skupienia Zapraszamy nadzwyczajnych szafarzy Komunii \u015bw. do zapis\u00f3w na jeden z Wielkopostnych Dni Skupienia, kt\u00f3re odb\u0119d\u0105 si\u0119 wed\u0142ug podanego ni\u017cej porz\u0105dku:&#8211; 8 marca (Nowy S\u0105cz) &#8211; 15 i 22 marca (Tarn\u00f3w)Przy zapisie prosz\u0119 wybra\u0107 odpowiedni termin i miejsce. Zg\u0142oszenia na Wielkopostny Dzie\u0144 Skupienia dokonujemy przez formularz: [&hellip;]<\/p>\n","protected":false},"author":1,"featured_media":529,"comment_status":"open","ping_status":"open","sticky":false,"template":"","format":"standard","meta":{"footnotes":""},"categories":[5],"tags":[],"class_list":["post-651","post","type-post","status-publish","format-standard","has-post-thumbnail","hentry","category-spotkania-formacyjne"],"yoast_head":"<!-- This site is optimized with the Yoast SEO plugin v27.3 - https:\/\/yoast.com\/product\/yoast-seo-wordpress\/ -->\n<title>Zapisy na Wielkopostny Dzie\u0144 Skupienia<\/title>\n<meta name=\"description\" content=\"Zapraszamy nadzwyczajnych szafarzy Komunii \u015bw. do zapis\u00f3w na jeden z Wielkopostnych Dni Skupienia.\" \/>\n<meta name=\"robots\" content=\"index, follow, max-snippet:-1, max-image-preview:large, max-video-preview:-1\" \/>\n<link rel=\"canonical\" href=\"https:\/\/szafarzetarnow.pl\/?p=651\" \/>\n<meta property=\"og:locale\" content=\"en_US\" \/>\n<meta property=\"og:type\" content=\"article\" \/>\n<meta property=\"og:title\" content=\"Zapisy na Wielkopostny Dzie\u0144 Skupienia\" \/>\n<meta property=\"og:description\" content=\"Zapraszamy nadzwyczajnych szafarzy Komunii \u015bw. do zapis\u00f3w na jeden z Wielkopostnych Dni Skupienia.\" \/>\n<meta property=\"og:url\" content=\"https:\/\/szafarzetarnow.pl\/?p=651\" \/>\n<meta property=\"og:site_name\" content=\"szafarzetarnow.pl\" \/>\n<meta property=\"article:published_time\" content=\"2025-01-28T13:15:45+00:00\" \/>\n<meta property=\"article:modified_time\" content=\"2025-01-28T13:15:47+00:00\" \/>\n<meta property=\"og:image\" content=\"https:\/\/szafarzetarnow.pl\/wp-content\/uploads\/2024\/06\/PR-35-scaled.jpg\" \/>\n\t<meta property=\"og:image:width\" content=\"2560\" \/>\n\t<meta property=\"og:image:height\" content=\"1707\" \/>\n\t<meta property=\"og:image:type\" content=\"image\/jpeg\" \/>\n<meta name=\"author\" content=\"Przemek Rura\" \/>\n<meta name=\"twitter:card\" content=\"summary_large_image\" \/>\n<meta name=\"twitter:label1\" content=\"Written by\" \/>\n\t<meta name=\"twitter:data1\" content=\"Przemek Rura\" \/>\n\t<meta name=\"twitter:label2\" content=\"Est. reading time\" \/>\n\t<meta name=\"twitter:data2\" content=\"1 minute\" \/>\n<script type=\"application\/ld+json\" class=\"yoast-schema-graph\">{\"@context\":\"https:\\\/\\\/schema.org\",\"@graph\":[{\"@type\":\"Article\",\"@id\":\"https:\\\/\\\/szafarzetarnow.pl\\\/?p=651#article\",\"isPartOf\":{\"@id\":\"https:\\\/\\\/szafarzetarnow.pl\\\/?p=651\"},\"author\":{\"name\":\"Przemek Rura\",\"@id\":\"https:\\\/\\\/szafarzetarnow.pl\\\/#\\\/schema\\\/person\\\/d2eff972cfd1e0843c8e62dc13fcba30\"},\"headline\":\"Zapisy na Wielkopostny Dzie\u0144 Skupienia\",\"datePublished\":\"2025-01-28T13:15:45+00:00\",\"dateModified\":\"2025-01-28T13:15:47+00:00\",\"mainEntityOfPage\":{\"@id\":\"https:\\\/\\\/szafarzetarnow.pl\\\/?p=651\"},\"wordCount\":90,\"commentCount\":0,\"image\":{\"@id\":\"https:\\\/\\\/szafarzetarnow.pl\\\/?p=651#primaryimage\"},\"thumbnailUrl\":\"https:\\\/\\\/szafarzetarnow.pl\\\/wp-content\\\/uploads\\\/2024\\\/06\\\/PR-35-scaled.jpg\",\"articleSection\":[\"Spotkania formacyjne\"],\"inLanguage\":\"en-US\",\"potentialAction\":[{\"@type\":\"CommentAction\",\"name\":\"Comment\",\"target\":[\"https:\\\/\\\/szafarzetarnow.pl\\\/?p=651#respond\"]}]},{\"@type\":\"WebPage\",\"@id\":\"https:\\\/\\\/szafarzetarnow.pl\\\/?p=651\",\"url\":\"https:\\\/\\\/szafarzetarnow.pl\\\/?p=651\",\"name\":\"Zapisy na Wielkopostny Dzie\u0144 Skupienia\",\"isPartOf\":{\"@id\":\"https:\\\/\\\/szafarzetarnow.pl\\\/#website\"},\"primaryImageOfPage\":{\"@id\":\"https:\\\/\\\/szafarzetarnow.pl\\\/?p=651#primaryimage\"},\"image\":{\"@id\":\"https:\\\/\\\/szafarzetarnow.pl\\\/?p=651#primaryimage\"},\"thumbnailUrl\":\"https:\\\/\\\/szafarzetarnow.pl\\\/wp-content\\\/uploads\\\/2024\\\/06\\\/PR-35-scaled.jpg\",\"datePublished\":\"2025-01-28T13:15:45+00:00\",\"dateModified\":\"2025-01-28T13:15:47+00:00\",\"author\":{\"@id\":\"https:\\\/\\\/szafarzetarnow.pl\\\/#\\\/schema\\\/person\\\/d2eff972cfd1e0843c8e62dc13fcba30\"},\"description\":\"Zapraszamy nadzwyczajnych szafarzy Komunii \u015bw. do zapis\u00f3w na jeden z Wielkopostnych Dni Skupienia.\",\"breadcrumb\":{\"@id\":\"https:\\\/\\\/szafarzetarnow.pl\\\/?p=651#breadcrumb\"},\"inLanguage\":\"en-US\",\"potentialAction\":[{\"@type\":\"ReadAction\",\"target\":[\"https:\\\/\\\/szafarzetarnow.pl\\\/?p=651\"]}]},{\"@type\":\"ImageObject\",\"inLanguage\":\"en-US\",\"@id\":\"https:\\\/\\\/szafarzetarnow.pl\\\/?p=651#primaryimage\",\"url\":\"https:\\\/\\\/szafarzetarnow.pl\\\/wp-content\\\/uploads\\\/2024\\\/06\\\/PR-35-scaled.jpg\",\"contentUrl\":\"https:\\\/\\\/szafarzetarnow.pl\\\/wp-content\\\/uploads\\\/2024\\\/06\\\/PR-35-scaled.jpg\",\"width\":2560,\"height\":1707},{\"@type\":\"BreadcrumbList\",\"@id\":\"https:\\\/\\\/szafarzetarnow.pl\\\/?p=651#breadcrumb\",\"itemListElement\":[{\"@type\":\"ListItem\",\"position\":1,\"name\":\"Home\",\"item\":\"https:\\\/\\\/szafarzetarnow.pl\\\/\"},{\"@type\":\"ListItem\",\"position\":2,\"name\":\"Zapisy na Wielkopostny Dzie\u0144 Skupienia\"}]},{\"@type\":\"WebSite\",\"@id\":\"https:\\\/\\\/szafarzetarnow.pl\\\/#website\",\"url\":\"https:\\\/\\\/szafarzetarnow.pl\\\/\",\"name\":\"szafarzetarnow.pl\",\"description\":\"\",\"potentialAction\":[{\"@type\":\"SearchAction\",\"target\":{\"@type\":\"EntryPoint\",\"urlTemplate\":\"https:\\\/\\\/szafarzetarnow.pl\\\/?s={search_term_string}\"},\"query-input\":{\"@type\":\"PropertyValueSpecification\",\"valueRequired\":true,\"valueName\":\"search_term_string\"}}],\"inLanguage\":\"en-US\"},{\"@type\":\"Person\",\"@id\":\"https:\\\/\\\/szafarzetarnow.pl\\\/#\\\/schema\\\/person\\\/d2eff972cfd1e0843c8e62dc13fcba30\",\"name\":\"Przemek Rura\",\"image\":{\"@type\":\"ImageObject\",\"inLanguage\":\"en-US\",\"@id\":\"https:\\\/\\\/secure.gravatar.com\\\/avatar\\\/e45b267abee2982cb75173ae1953797b1304a28700a3f83606dbf09eebe422c7?s=96&d=mm&r=g\",\"url\":\"https:\\\/\\\/secure.gravatar.com\\\/avatar\\\/e45b267abee2982cb75173ae1953797b1304a28700a3f83606dbf09eebe422c7?s=96&d=mm&r=g\",\"contentUrl\":\"https:\\\/\\\/secure.gravatar.com\\\/avatar\\\/e45b267abee2982cb75173ae1953797b1304a28700a3f83606dbf09eebe422c7?s=96&d=mm&r=g\",\"caption\":\"Przemek Rura\"},\"sameAs\":[\"http:\\\/\\\/szafarzetarnow.pl\"],\"url\":\"https:\\\/\\\/szafarzetarnow.pl\\\/?author=1\"}]}<\/script>\n<!-- \/ Yoast SEO plugin. -->","yoast_head_json":{"title":"Zapisy na Wielkopostny Dzie\u0144 Skupienia","description":"Zapraszamy nadzwyczajnych szafarzy Komunii \u015bw. do zapis\u00f3w na jeden z Wielkopostnych Dni Skupienia.","robots":{"index":"index","follow":"follow","max-snippet":"max-snippet:-1","max-image-preview":"max-image-preview:large","max-video-preview":"max-video-preview:-1"},"canonical":"https:\/\/szafarzetarnow.pl\/?p=651","og_locale":"en_US","og_type":"article","og_title":"Zapisy na Wielkopostny Dzie\u0144 Skupienia","og_description":"Zapraszamy nadzwyczajnych szafarzy Komunii \u015bw. do zapis\u00f3w na jeden z Wielkopostnych Dni Skupienia.","og_url":"https:\/\/szafarzetarnow.pl\/?p=651","og_site_name":"szafarzetarnow.pl","article_published_time":"2025-01-28T13:15:45+00:00","article_modified_time":"2025-01-28T13:15:47+00:00","og_image":[{"width":2560,"height":1707,"url":"https:\/\/szafarzetarnow.pl\/wp-content\/uploads\/2024\/06\/PR-35-scaled.jpg","type":"image\/jpeg"}],"author":"Przemek Rura","twitter_card":"summary_large_image","twitter_misc":{"Written by":"Przemek Rura","Est. reading time":"1 minute"},"schema":{"@context":"https:\/\/schema.org","@graph":[{"@type":"Article","@id":"https:\/\/szafarzetarnow.pl\/?p=651#article","isPartOf":{"@id":"https:\/\/szafarzetarnow.pl\/?p=651"},"author":{"name":"Przemek Rura","@id":"https:\/\/szafarzetarnow.pl\/#\/schema\/person\/d2eff972cfd1e0843c8e62dc13fcba30"},"headline":"Zapisy na Wielkopostny Dzie\u0144 Skupienia","datePublished":"2025-01-28T13:15:45+00:00","dateModified":"2025-01-28T13:15:47+00:00","mainEntityOfPage":{"@id":"https:\/\/szafarzetarnow.pl\/?p=651"},"wordCount":90,"commentCount":0,"image":{"@id":"https:\/\/szafarzetarnow.pl\/?p=651#primaryimage"},"thumbnailUrl":"https:\/\/szafarzetarnow.pl\/wp-content\/uploads\/2024\/06\/PR-35-scaled.jpg","articleSection":["Spotkania formacyjne"],"inLanguage":"en-US","potentialAction":[{"@type":"CommentAction","name":"Comment","target":["https:\/\/szafarzetarnow.pl\/?p=651#respond"]}]},{"@type":"WebPage","@id":"https:\/\/szafarzetarnow.pl\/?p=651","url":"https:\/\/szafarzetarnow.pl\/?p=651","name":"Zapisy na Wielkopostny Dzie\u0144 Skupienia","isPartOf":{"@id":"https:\/\/szafarzetarnow.pl\/#website"},"primaryImageOfPage":{"@id":"https:\/\/szafarzetarnow.pl\/?p=651#primaryimage"},"image":{"@id":"https:\/\/szafarzetarnow.pl\/?p=651#primaryimage"},"thumbnailUrl":"https:\/\/szafarzetarnow.pl\/wp-content\/uploads\/2024\/06\/PR-35-scaled.jpg","datePublished":"2025-01-28T13:15:45+00:00","dateModified":"2025-01-28T13:15:47+00:00","author":{"@id":"https:\/\/szafarzetarnow.pl\/#\/schema\/person\/d2eff972cfd1e0843c8e62dc13fcba30"},"description":"Zapraszamy nadzwyczajnych szafarzy Komunii \u015bw. do zapis\u00f3w na jeden z Wielkopostnych Dni Skupienia.","breadcrumb":{"@id":"https:\/\/szafarzetarnow.pl\/?p=651#breadcrumb"},"inLanguage":"en-US","potentialAction":[{"@type":"ReadAction","target":["https:\/\/szafarzetarnow.pl\/?p=651"]}]},{"@type":"ImageObject","inLanguage":"en-US","@id":"https:\/\/szafarzetarnow.pl\/?p=651#primaryimage","url":"https:\/\/szafarzetarnow.pl\/wp-content\/uploads\/2024\/06\/PR-35-scaled.jpg","contentUrl":"https:\/\/szafarzetarnow.pl\/wp-content\/uploads\/2024\/06\/PR-35-scaled.jpg","width":2560,"height":1707},{"@type":"BreadcrumbList","@id":"https:\/\/szafarzetarnow.pl\/?p=651#breadcrumb","itemListElement":[{"@type":"ListItem","position":1,"name":"Home","item":"https:\/\/szafarzetarnow.pl\/"},{"@type":"ListItem","position":2,"name":"Zapisy na Wielkopostny Dzie\u0144 Skupienia"}]},{"@type":"WebSite","@id":"https:\/\/szafarzetarnow.pl\/#website","url":"https:\/\/szafarzetarnow.pl\/","name":"szafarzetarnow.pl","description":"","potentialAction":[{"@type":"SearchAction","target":{"@type":"EntryPoint","urlTemplate":"https:\/\/szafarzetarnow.pl\/?s={search_term_string}"},"query-input":{"@type":"PropertyValueSpecification","valueRequired":true,"valueName":"search_term_string"}}],"inLanguage":"en-US"},{"@type":"Person","@id":"https:\/\/szafarzetarnow.pl\/#\/schema\/person\/d2eff972cfd1e0843c8e62dc13fcba30","name":"Przemek Rura","image":{"@type":"ImageObject","inLanguage":"en-US","@id":"https:\/\/secure.gravatar.com\/avatar\/e45b267abee2982cb75173ae1953797b1304a28700a3f83606dbf09eebe422c7?s=96&d=mm&r=g","url":"https:\/\/secure.gravatar.com\/avatar\/e45b267abee2982cb75173ae1953797b1304a28700a3f83606dbf09eebe422c7?s=96&d=mm&r=g","contentUrl":"https:\/\/secure.gravatar.com\/avatar\/e45b267abee2982cb75173ae1953797b1304a28700a3f83606dbf09eebe422c7?s=96&d=mm&r=g","caption":"Przemek Rura"},"sameAs":["http:\/\/szafarzetarnow.pl"],"url":"https:\/\/szafarzetarnow.pl\/?author=1"}]}},"_links":{"self":[{"href":"https:\/\/szafarzetarnow.pl\/index.php?rest_route=\/wp\/v2\/posts\/651","targetHints":{"allow":["GET"]}}],"collection":[{"href":"https:\/\/szafarzetarnow.pl\/index.php?rest_route=\/wp\/v2\/posts"}],"about":[{"href":"https:\/\/szafarzetarnow.pl\/index.php?rest_route=\/wp\/v2\/types\/post"}],"author":[{"embeddable":true,"href":"https:\/\/szafarzetarnow.pl\/index.php?rest_route=\/wp\/v2\/users\/1"}],"replies":[{"embeddable":true,"href":"https:\/\/szafarzetarnow.pl\/index.php?rest_route=%2Fwp%2Fv2%2Fcomments&post=651"}],"version-history":[{"count":1,"href":"https:\/\/szafarzetarnow.pl\/index.php?rest_route=\/wp\/v2\/posts\/651\/revisions"}],"predecessor-version":[{"id":652,"href":"https:\/\/szafarzetarnow.pl\/index.php?rest_route=\/wp\/v2\/posts\/651\/revisions\/652"}],"wp:featuredmedia":[{"embeddable":true,"href":"https:\/\/szafarzetarnow.pl\/index.php?rest_route=\/wp\/v2\/media\/529"}],"wp:attachment":[{"href":"https:\/\/szafarzetarnow.pl\/index.php?rest_route=%2Fwp%2Fv2%2Fmedia&parent=651"}],"wp:term":[{"taxonomy":"category","embeddable":true,"href":"https:\/\/szafarzetarnow.pl\/index.php?rest_route=%2Fwp%2Fv2%2Fcategories&post=651"},{"taxonomy":"post_tag","embeddable":true,"href":"https:\/\/szafarzetarnow.pl\/index.php?rest_route=%2Fwp%2Fv2%2Ftags&post=651"}],"curies":[{"name":"wp","href":"https:\/\/api.w.org\/{rel}","templated":true}]}}