{"id":896,"date":"2025-06-24T11:45:34","date_gmt":"2025-06-24T09:45:34","guid":{"rendered":"https:\/\/szafarzetarnow.pl\/?p=896"},"modified":"2025-06-24T11:45:53","modified_gmt":"2025-06-24T09:45:53","slug":"zapowiedz-blogoslawienstwo-do-funkcji-nadzwyczajnego-szafarza-komunii-sw","status":"publish","type":"post","link":"https:\/\/szafarzetarnow.pl\/?p=896","title":{"rendered":"Zapowied\u017a &#8211; B\u0142ogos\u0142awie\u0144stwo do funkcji Nadzwyczajnego Szafarza Komunii \u015bw."},"content":{"rendered":"\n<h2 class=\"wp-block-heading\">Zapowied\u017a &#8211; B\u0142ogos\u0142awie\u0144stwo do funkcji Nadzwyczajnego Szafarza Komunii \u015bw.<\/h2>\n\n\n\n<figure class=\"wp-block-image size-large\"><img fetchpriority=\"high\" decoding=\"async\" width=\"1024\" height=\"683\" src=\"https:\/\/szafarzetarnow.pl\/wp-content\/uploads\/2024\/06\/PR-5-1024x683.jpg\" alt=\"\" class=\"wp-image-499\" srcset=\"https:\/\/szafarzetarnow.pl\/wp-content\/uploads\/2024\/06\/PR-5-1024x683.jpg 1024w, https:\/\/szafarzetarnow.pl\/wp-content\/uploads\/2024\/06\/PR-5-300x200.jpg 300w, https:\/\/szafarzetarnow.pl\/wp-content\/uploads\/2024\/06\/PR-5-768x512.jpg 768w, https:\/\/szafarzetarnow.pl\/wp-content\/uploads\/2024\/06\/PR-5-1536x1024.jpg 1536w, https:\/\/szafarzetarnow.pl\/wp-content\/uploads\/2024\/06\/PR-5-2048x1365.jpg 2048w, https:\/\/szafarzetarnow.pl\/wp-content\/uploads\/2024\/06\/PR-5-360x240.jpg 360w\" sizes=\"(max-width: 1024px) 100vw, 1024px\" \/><figcaption class=\"wp-element-caption\">Fot. Przemek Rura<\/figcaption><\/figure>\n\n\n\n<p>Uroczysty Msza \u015bw. w czasie kt\u00f3rej kandydaci zostan\u0105 pob\u0142ogos\u0142awienie do funkcji Nadzwyczajnego Szafarza Komunii \u015aw. odb\u0119dzie si\u0119\u00a0<strong>28 czerwca br.<\/strong>\u00a0(sobota)\u00a0<strong>o godz. 10.00<\/strong>\u00a0w\u00a0<strong>g\u0142\u00f3wnej kaplicy Wy\u017cszego Seminarium Duchownego w Tarnowie.<\/strong> B\u0142ogos\u0142awie\u0144stwa\u00a0udzieli\u00a0Pasterz Ko\u015bcio\u0142a Tarnowskiego Biskup Andrzej Je\u017c.\u00a0<\/p>\n\n\n\n<p>Serdecznie zapraszam ksi\u0119\u017cy proboszcz\u00f3w oraz wikariuszy z parafii pochodzenia kandydat\u00f3w do koncelebry (prosz\u0119 zabra\u0107 ze sob\u0105 alb\u0119 i cingulum).&nbsp;<\/p>\n\n\n\n<p>Po zako\u0144czonej Mszy \u015bw. ka\u017cdy z ksi\u0119\u017cy proboszcz\u00f3w otrzyma osobi\u015bcie z r\u0105k Biskupa Tarnowskiego, komunikat dotycz\u0105cy mianowania nowego nadzwyczajnego szafarza, kt\u00f3ry nale\u017cy odczyta\u0107 w niedziel\u0119 29 czerwca na wszystkich Mszach \u015bw.&nbsp;<\/p>\n\n\n\n<p>Bardzo prosz\u0119 parkowa\u0107&nbsp;samochody na parkingu seminaryjnym oraz przy budynku Urz\u0119du Wojew\u00f3dzkiego przy al. Solidarno\u015bci.<\/p>\n\n\n\n<p>Po zako\u0144czeniu uroczystej Mszy \u015bw. zapraszam na wsp\u00f3lny posi\u0142ek do ogrodu seminaryjnego (w razie deszczu do holu przed aul\u0105 seminaryjn\u0105).<\/p>\n\n\n\n<p>Z wyrazami szacunku<br>Ks. mgr lic. Jakub Jasiak<br>Diecezjalny Duszpasterz i Odpowiedzialny<br>za formacj\u0119 Nadzwyczajnych Szafarzy Komunii \u015aw.<br>diecezji tarnowskiej<\/p>\n\n\n\n<p><\/p>\n","protected":false},"excerpt":{"rendered":"<p>Zapowied\u017a &#8211; B\u0142ogos\u0142awie\u0144stwo do funkcji Nadzwyczajnego Szafarza Komunii \u015bw. Uroczysty Msza \u015bw. w czasie kt\u00f3rej kandydaci zostan\u0105 pob\u0142ogos\u0142awienie do funkcji Nadzwyczajnego Szafarza Komunii \u015aw. odb\u0119dzie si\u0119\u00a028 czerwca br.\u00a0(sobota)\u00a0o godz. 10.00\u00a0w\u00a0g\u0142\u00f3wnej kaplicy Wy\u017cszego Seminarium Duchownego w Tarnowie. B\u0142ogos\u0142awie\u0144stwa\u00a0udzieli\u00a0Pasterz Ko\u015bcio\u0142a Tarnowskiego Biskup Andrzej Je\u017c.\u00a0 Serdecznie zapraszam ksi\u0119\u017cy proboszcz\u00f3w oraz wikariuszy z parafii [&hellip;]<\/p>\n","protected":false},"author":1,"featured_media":499,"comment_status":"open","ping_status":"open","sticky":false,"template":"","format":"standard","meta":{"footnotes":""},"categories":[3],"tags":[],"class_list":["post-896","post","type-post","status-publish","format-standard","has-post-thumbnail","hentry","category-ogolne"],"yoast_head":"<!-- This site is optimized with the Yoast SEO plugin v27.3 - https:\/\/yoast.com\/product\/yoast-seo-wordpress\/ -->\n<title>Zapowied\u017a - B\u0142ogos\u0142awie\u0144stwo do funkcji Nadzwyczajnego Szafarza Komunii \u015bw.<\/title>\n<meta name=\"description\" content=\"Uroczysty Msza \u015bw. w czasie kt\u00f3rej kandydaci zostan\u0105 pob\u0142ogos\u0142awienie do funkcji Nadzwyczajnego Szafarza Komunii \u015aw. odb\u0119dzie si\u0119\u00a028 czerwca.\" \/>\n<meta name=\"robots\" content=\"index, follow, max-snippet:-1, max-image-preview:large, max-video-preview:-1\" \/>\n<link rel=\"canonical\" href=\"https:\/\/szafarzetarnow.pl\/?p=896\" \/>\n<meta property=\"og:locale\" content=\"en_US\" \/>\n<meta property=\"og:type\" content=\"article\" \/>\n<meta property=\"og:title\" content=\"Zapowied\u017a - B\u0142ogos\u0142awie\u0144stwo do funkcji Nadzwyczajnego Szafarza Komunii \u015bw.\" \/>\n<meta property=\"og:description\" content=\"Uroczysty Msza \u015bw. w czasie kt\u00f3rej kandydaci zostan\u0105 pob\u0142ogos\u0142awienie do funkcji Nadzwyczajnego Szafarza Komunii \u015aw. odb\u0119dzie si\u0119\u00a028 czerwca.\" \/>\n<meta property=\"og:url\" content=\"https:\/\/szafarzetarnow.pl\/?p=896\" \/>\n<meta property=\"og:site_name\" content=\"szafarzetarnow.pl\" \/>\n<meta property=\"article:published_time\" content=\"2025-06-24T09:45:34+00:00\" \/>\n<meta property=\"article:modified_time\" content=\"2025-06-24T09:45:53+00:00\" \/>\n<meta property=\"og:image\" content=\"https:\/\/szafarzetarnow.pl\/wp-content\/uploads\/2024\/06\/PR-5-scaled.jpg\" \/>\n\t<meta property=\"og:image:width\" content=\"2560\" \/>\n\t<meta property=\"og:image:height\" content=\"1706\" \/>\n\t<meta property=\"og:image:type\" content=\"image\/jpeg\" \/>\n<meta name=\"author\" content=\"Przemek Rura\" \/>\n<meta name=\"twitter:card\" content=\"summary_large_image\" \/>\n<meta name=\"twitter:label1\" content=\"Written by\" \/>\n\t<meta name=\"twitter:data1\" content=\"Przemek Rura\" \/>\n\t<meta name=\"twitter:label2\" content=\"Est. reading time\" \/>\n\t<meta name=\"twitter:data2\" content=\"2 minutes\" \/>\n<script type=\"application\/ld+json\" class=\"yoast-schema-graph\">{\"@context\":\"https:\\\/\\\/schema.org\",\"@graph\":[{\"@type\":\"Article\",\"@id\":\"https:\\\/\\\/szafarzetarnow.pl\\\/?p=896#article\",\"isPartOf\":{\"@id\":\"https:\\\/\\\/szafarzetarnow.pl\\\/?p=896\"},\"author\":{\"name\":\"Przemek Rura\",\"@id\":\"https:\\\/\\\/szafarzetarnow.pl\\\/#\\\/schema\\\/person\\\/d2eff972cfd1e0843c8e62dc13fcba30\"},\"headline\":\"Zapowied\u017a &#8211; B\u0142ogos\u0142awie\u0144stwo do funkcji Nadzwyczajnego Szafarza Komunii \u015bw.\",\"datePublished\":\"2025-06-24T09:45:34+00:00\",\"dateModified\":\"2025-06-24T09:45:53+00:00\",\"mainEntityOfPage\":{\"@id\":\"https:\\\/\\\/szafarzetarnow.pl\\\/?p=896\"},\"wordCount\":198,\"commentCount\":0,\"image\":{\"@id\":\"https:\\\/\\\/szafarzetarnow.pl\\\/?p=896#primaryimage\"},\"thumbnailUrl\":\"https:\\\/\\\/szafarzetarnow.pl\\\/wp-content\\\/uploads\\\/2024\\\/06\\\/PR-5-scaled.jpg\",\"articleSection\":[\"Og\u00f3lne\"],\"inLanguage\":\"en-US\",\"potentialAction\":[{\"@type\":\"CommentAction\",\"name\":\"Comment\",\"target\":[\"https:\\\/\\\/szafarzetarnow.pl\\\/?p=896#respond\"]}]},{\"@type\":\"WebPage\",\"@id\":\"https:\\\/\\\/szafarzetarnow.pl\\\/?p=896\",\"url\":\"https:\\\/\\\/szafarzetarnow.pl\\\/?p=896\",\"name\":\"Zapowied\u017a - B\u0142ogos\u0142awie\u0144stwo do funkcji Nadzwyczajnego Szafarza Komunii \u015bw.\",\"isPartOf\":{\"@id\":\"https:\\\/\\\/szafarzetarnow.pl\\\/#website\"},\"primaryImageOfPage\":{\"@id\":\"https:\\\/\\\/szafarzetarnow.pl\\\/?p=896#primaryimage\"},\"image\":{\"@id\":\"https:\\\/\\\/szafarzetarnow.pl\\\/?p=896#primaryimage\"},\"thumbnailUrl\":\"https:\\\/\\\/szafarzetarnow.pl\\\/wp-content\\\/uploads\\\/2024\\\/06\\\/PR-5-scaled.jpg\",\"datePublished\":\"2025-06-24T09:45:34+00:00\",\"dateModified\":\"2025-06-24T09:45:53+00:00\",\"author\":{\"@id\":\"https:\\\/\\\/szafarzetarnow.pl\\\/#\\\/schema\\\/person\\\/d2eff972cfd1e0843c8e62dc13fcba30\"},\"description\":\"Uroczysty Msza \u015bw. w czasie kt\u00f3rej kandydaci zostan\u0105 pob\u0142ogos\u0142awienie do funkcji Nadzwyczajnego Szafarza Komunii \u015aw. odb\u0119dzie si\u0119\u00a028 czerwca.\",\"breadcrumb\":{\"@id\":\"https:\\\/\\\/szafarzetarnow.pl\\\/?p=896#breadcrumb\"},\"inLanguage\":\"en-US\",\"potentialAction\":[{\"@type\":\"ReadAction\",\"target\":[\"https:\\\/\\\/szafarzetarnow.pl\\\/?p=896\"]}]},{\"@type\":\"ImageObject\",\"inLanguage\":\"en-US\",\"@id\":\"https:\\\/\\\/szafarzetarnow.pl\\\/?p=896#primaryimage\",\"url\":\"https:\\\/\\\/szafarzetarnow.pl\\\/wp-content\\\/uploads\\\/2024\\\/06\\\/PR-5-scaled.jpg\",\"contentUrl\":\"https:\\\/\\\/szafarzetarnow.pl\\\/wp-content\\\/uploads\\\/2024\\\/06\\\/PR-5-scaled.jpg\",\"width\":2560,\"height\":1706},{\"@type\":\"BreadcrumbList\",\"@id\":\"https:\\\/\\\/szafarzetarnow.pl\\\/?p=896#breadcrumb\",\"itemListElement\":[{\"@type\":\"ListItem\",\"position\":1,\"name\":\"Home\",\"item\":\"https:\\\/\\\/szafarzetarnow.pl\\\/\"},{\"@type\":\"ListItem\",\"position\":2,\"name\":\"Zapowied\u017a &#8211; B\u0142ogos\u0142awie\u0144stwo do funkcji Nadzwyczajnego Szafarza Komunii \u015bw.\"}]},{\"@type\":\"WebSite\",\"@id\":\"https:\\\/\\\/szafarzetarnow.pl\\\/#website\",\"url\":\"https:\\\/\\\/szafarzetarnow.pl\\\/\",\"name\":\"szafarzetarnow.pl\",\"description\":\"\",\"potentialAction\":[{\"@type\":\"SearchAction\",\"target\":{\"@type\":\"EntryPoint\",\"urlTemplate\":\"https:\\\/\\\/szafarzetarnow.pl\\\/?s={search_term_string}\"},\"query-input\":{\"@type\":\"PropertyValueSpecification\",\"valueRequired\":true,\"valueName\":\"search_term_string\"}}],\"inLanguage\":\"en-US\"},{\"@type\":\"Person\",\"@id\":\"https:\\\/\\\/szafarzetarnow.pl\\\/#\\\/schema\\\/person\\\/d2eff972cfd1e0843c8e62dc13fcba30\",\"name\":\"Przemek Rura\",\"image\":{\"@type\":\"ImageObject\",\"inLanguage\":\"en-US\",\"@id\":\"https:\\\/\\\/secure.gravatar.com\\\/avatar\\\/e45b267abee2982cb75173ae1953797b1304a28700a3f83606dbf09eebe422c7?s=96&d=mm&r=g\",\"url\":\"https:\\\/\\\/secure.gravatar.com\\\/avatar\\\/e45b267abee2982cb75173ae1953797b1304a28700a3f83606dbf09eebe422c7?s=96&d=mm&r=g\",\"contentUrl\":\"https:\\\/\\\/secure.gravatar.com\\\/avatar\\\/e45b267abee2982cb75173ae1953797b1304a28700a3f83606dbf09eebe422c7?s=96&d=mm&r=g\",\"caption\":\"Przemek Rura\"},\"sameAs\":[\"http:\\\/\\\/szafarzetarnow.pl\"],\"url\":\"https:\\\/\\\/szafarzetarnow.pl\\\/?author=1\"}]}<\/script>\n<!-- \/ Yoast SEO plugin. -->","yoast_head_json":{"title":"Zapowied\u017a - B\u0142ogos\u0142awie\u0144stwo do funkcji Nadzwyczajnego Szafarza Komunii \u015bw.","description":"Uroczysty Msza \u015bw. w czasie kt\u00f3rej kandydaci zostan\u0105 pob\u0142ogos\u0142awienie do funkcji Nadzwyczajnego Szafarza Komunii \u015aw. odb\u0119dzie si\u0119\u00a028 czerwca.","robots":{"index":"index","follow":"follow","max-snippet":"max-snippet:-1","max-image-preview":"max-image-preview:large","max-video-preview":"max-video-preview:-1"},"canonical":"https:\/\/szafarzetarnow.pl\/?p=896","og_locale":"en_US","og_type":"article","og_title":"Zapowied\u017a - B\u0142ogos\u0142awie\u0144stwo do funkcji Nadzwyczajnego Szafarza Komunii \u015bw.","og_description":"Uroczysty Msza \u015bw. w czasie kt\u00f3rej kandydaci zostan\u0105 pob\u0142ogos\u0142awienie do funkcji Nadzwyczajnego Szafarza Komunii \u015aw. odb\u0119dzie si\u0119\u00a028 czerwca.","og_url":"https:\/\/szafarzetarnow.pl\/?p=896","og_site_name":"szafarzetarnow.pl","article_published_time":"2025-06-24T09:45:34+00:00","article_modified_time":"2025-06-24T09:45:53+00:00","og_image":[{"width":2560,"height":1706,"url":"https:\/\/szafarzetarnow.pl\/wp-content\/uploads\/2024\/06\/PR-5-scaled.jpg","type":"image\/jpeg"}],"author":"Przemek Rura","twitter_card":"summary_large_image","twitter_misc":{"Written by":"Przemek Rura","Est. reading time":"2 minutes"},"schema":{"@context":"https:\/\/schema.org","@graph":[{"@type":"Article","@id":"https:\/\/szafarzetarnow.pl\/?p=896#article","isPartOf":{"@id":"https:\/\/szafarzetarnow.pl\/?p=896"},"author":{"name":"Przemek Rura","@id":"https:\/\/szafarzetarnow.pl\/#\/schema\/person\/d2eff972cfd1e0843c8e62dc13fcba30"},"headline":"Zapowied\u017a &#8211; B\u0142ogos\u0142awie\u0144stwo do funkcji Nadzwyczajnego Szafarza Komunii \u015bw.","datePublished":"2025-06-24T09:45:34+00:00","dateModified":"2025-06-24T09:45:53+00:00","mainEntityOfPage":{"@id":"https:\/\/szafarzetarnow.pl\/?p=896"},"wordCount":198,"commentCount":0,"image":{"@id":"https:\/\/szafarzetarnow.pl\/?p=896#primaryimage"},"thumbnailUrl":"https:\/\/szafarzetarnow.pl\/wp-content\/uploads\/2024\/06\/PR-5-scaled.jpg","articleSection":["Og\u00f3lne"],"inLanguage":"en-US","potentialAction":[{"@type":"CommentAction","name":"Comment","target":["https:\/\/szafarzetarnow.pl\/?p=896#respond"]}]},{"@type":"WebPage","@id":"https:\/\/szafarzetarnow.pl\/?p=896","url":"https:\/\/szafarzetarnow.pl\/?p=896","name":"Zapowied\u017a - B\u0142ogos\u0142awie\u0144stwo do funkcji Nadzwyczajnego Szafarza Komunii \u015bw.","isPartOf":{"@id":"https:\/\/szafarzetarnow.pl\/#website"},"primaryImageOfPage":{"@id":"https:\/\/szafarzetarnow.pl\/?p=896#primaryimage"},"image":{"@id":"https:\/\/szafarzetarnow.pl\/?p=896#primaryimage"},"thumbnailUrl":"https:\/\/szafarzetarnow.pl\/wp-content\/uploads\/2024\/06\/PR-5-scaled.jpg","datePublished":"2025-06-24T09:45:34+00:00","dateModified":"2025-06-24T09:45:53+00:00","author":{"@id":"https:\/\/szafarzetarnow.pl\/#\/schema\/person\/d2eff972cfd1e0843c8e62dc13fcba30"},"description":"Uroczysty Msza \u015bw. w czasie kt\u00f3rej kandydaci zostan\u0105 pob\u0142ogos\u0142awienie do funkcji Nadzwyczajnego Szafarza Komunii \u015aw. odb\u0119dzie si\u0119\u00a028 czerwca.","breadcrumb":{"@id":"https:\/\/szafarzetarnow.pl\/?p=896#breadcrumb"},"inLanguage":"en-US","potentialAction":[{"@type":"ReadAction","target":["https:\/\/szafarzetarnow.pl\/?p=896"]}]},{"@type":"ImageObject","inLanguage":"en-US","@id":"https:\/\/szafarzetarnow.pl\/?p=896#primaryimage","url":"https:\/\/szafarzetarnow.pl\/wp-content\/uploads\/2024\/06\/PR-5-scaled.jpg","contentUrl":"https:\/\/szafarzetarnow.pl\/wp-content\/uploads\/2024\/06\/PR-5-scaled.jpg","width":2560,"height":1706},{"@type":"BreadcrumbList","@id":"https:\/\/szafarzetarnow.pl\/?p=896#breadcrumb","itemListElement":[{"@type":"ListItem","position":1,"name":"Home","item":"https:\/\/szafarzetarnow.pl\/"},{"@type":"ListItem","position":2,"name":"Zapowied\u017a &#8211; B\u0142ogos\u0142awie\u0144stwo do funkcji Nadzwyczajnego Szafarza Komunii \u015bw."}]},{"@type":"WebSite","@id":"https:\/\/szafarzetarnow.pl\/#website","url":"https:\/\/szafarzetarnow.pl\/","name":"szafarzetarnow.pl","description":"","potentialAction":[{"@type":"SearchAction","target":{"@type":"EntryPoint","urlTemplate":"https:\/\/szafarzetarnow.pl\/?s={search_term_string}"},"query-input":{"@type":"PropertyValueSpecification","valueRequired":true,"valueName":"search_term_string"}}],"inLanguage":"en-US"},{"@type":"Person","@id":"https:\/\/szafarzetarnow.pl\/#\/schema\/person\/d2eff972cfd1e0843c8e62dc13fcba30","name":"Przemek Rura","image":{"@type":"ImageObject","inLanguage":"en-US","@id":"https:\/\/secure.gravatar.com\/avatar\/e45b267abee2982cb75173ae1953797b1304a28700a3f83606dbf09eebe422c7?s=96&d=mm&r=g","url":"https:\/\/secure.gravatar.com\/avatar\/e45b267abee2982cb75173ae1953797b1304a28700a3f83606dbf09eebe422c7?s=96&d=mm&r=g","contentUrl":"https:\/\/secure.gravatar.com\/avatar\/e45b267abee2982cb75173ae1953797b1304a28700a3f83606dbf09eebe422c7?s=96&d=mm&r=g","caption":"Przemek Rura"},"sameAs":["http:\/\/szafarzetarnow.pl"],"url":"https:\/\/szafarzetarnow.pl\/?author=1"}]}},"_links":{"self":[{"href":"https:\/\/szafarzetarnow.pl\/index.php?rest_route=\/wp\/v2\/posts\/896","targetHints":{"allow":["GET"]}}],"collection":[{"href":"https:\/\/szafarzetarnow.pl\/index.php?rest_route=\/wp\/v2\/posts"}],"about":[{"href":"https:\/\/szafarzetarnow.pl\/index.php?rest_route=\/wp\/v2\/types\/post"}],"author":[{"embeddable":true,"href":"https:\/\/szafarzetarnow.pl\/index.php?rest_route=\/wp\/v2\/users\/1"}],"replies":[{"embeddable":true,"href":"https:\/\/szafarzetarnow.pl\/index.php?rest_route=%2Fwp%2Fv2%2Fcomments&post=896"}],"version-history":[{"count":1,"href":"https:\/\/szafarzetarnow.pl\/index.php?rest_route=\/wp\/v2\/posts\/896\/revisions"}],"predecessor-version":[{"id":897,"href":"https:\/\/szafarzetarnow.pl\/index.php?rest_route=\/wp\/v2\/posts\/896\/revisions\/897"}],"wp:featuredmedia":[{"embeddable":true,"href":"https:\/\/szafarzetarnow.pl\/index.php?rest_route=\/wp\/v2\/media\/499"}],"wp:attachment":[{"href":"https:\/\/szafarzetarnow.pl\/index.php?rest_route=%2Fwp%2Fv2%2Fmedia&parent=896"}],"wp:term":[{"taxonomy":"category","embeddable":true,"href":"https:\/\/szafarzetarnow.pl\/index.php?rest_route=%2Fwp%2Fv2%2Fcategories&post=896"},{"taxonomy":"post_tag","embeddable":true,"href":"https:\/\/szafarzetarnow.pl\/index.php?rest_route=%2Fwp%2Fv2%2Ftags&post=896"}],"curies":[{"name":"wp","href":"https:\/\/api.w.org\/{rel}","templated":true}]}}