{"id":974,"date":"2025-11-13T18:23:09","date_gmt":"2025-11-13T17:23:09","guid":{"rendered":"https:\/\/szafarzetarnow.pl\/?p=974"},"modified":"2025-11-13T18:23:10","modified_gmt":"2025-11-13T17:23:10","slug":"rekolekcje-dla-zon-nadzwyczajnych-szafarzy-komunii-sw-po-raz-czwarty","status":"publish","type":"post","link":"https:\/\/szafarzetarnow.pl\/?p=974","title":{"rendered":"Rekolekcje dla \u017con nadzwyczajnych szafarzy Komunii \u015bw. po raz czwarty&#8230;"},"content":{"rendered":"\n<h2 class=\"wp-block-heading\">Rekolekcje dla \u017con nadzwyczajnych szafarzy Komunii \u015bw. po raz czwarty&#8230;<\/h2>\n\n\n\n<figure class=\"wp-block-image size-large\"><img fetchpriority=\"high\" decoding=\"async\" width=\"1024\" height=\"473\" src=\"https:\/\/szafarzetarnow.pl\/wp-content\/uploads\/2025\/11\/20250919_202132-1024x473.jpg\" alt=\"\" class=\"wp-image-975\" srcset=\"https:\/\/szafarzetarnow.pl\/wp-content\/uploads\/2025\/11\/20250919_202132-1024x473.jpg 1024w, https:\/\/szafarzetarnow.pl\/wp-content\/uploads\/2025\/11\/20250919_202132-300x139.jpg 300w, https:\/\/szafarzetarnow.pl\/wp-content\/uploads\/2025\/11\/20250919_202132-768x355.jpg 768w, https:\/\/szafarzetarnow.pl\/wp-content\/uploads\/2025\/11\/20250919_202132-1536x710.jpg 1536w, https:\/\/szafarzetarnow.pl\/wp-content\/uploads\/2025\/11\/20250919_202132-2048x946.jpg 2048w\" sizes=\"(max-width: 1024px) 100vw, 1024px\" \/><\/figure>\n\n\n\n<p><br>Tradycj\u0105 ju\u017c naszego duszpasterstwa jest organizowanie rekolekcji dla \u017con nadzwyczajnych szafarzy Komunii \u015bw. w drugiej po\u0142owie wrze\u015bnia. Rekolekcje te stanowi\u0105 r\u00f3wnie\u017c\u00a0podkre\u015blenie ogromnej roli rodziny i najbli\u017cszych w spe\u0142nianiu pos\u0142ugi nadzwyczajnego szafarza. Tegoroczne rekolekcje poprowadzi\u0142 ks. Pawe\u0142 Bro\u0144ski, dyrektor i rekolekcjonista Diecezjalnego Centrum Pielgrzymowania &#8220;Opoka&#8221;. Rekolekcje tradycyjnie rozpocz\u0119\u0142y si\u0119 od spotkania z diecezjalnym duszpasterzem ks. Jakubem Jasiakiem. Ksi\u0105dz Opiekun sprawowa\u0142 Msz\u0119 \u015bw. i wyg\u0142osi\u0142 okoliczno\u015bciow\u0105 homili\u0119 pt. &#8220;w\u0119drowa\u0107, naucza\u0107 i g\u0142osi\u0107, zawsze z Chrystusem!&#8221;, w kt\u00f3rej ukaza\u0142 warto\u015b\u0107 wsp\u00f3lnej drogi nadzwyczajnego szafarza i jego rodziny. Opr\u00f3cz wzajemnych rozm\u00f3w, wymiany do\u015bwiadcze\u0144 i spostrze\u017ce\u0144 by\u0142 czas r\u00f3wnie\u017c na sakrament spowiedzi. Rekolekcje to doskona\u0142y czas wzajemnego wsparcia i do\u015bwiadczenia si\u0142y od Boga i wsp\u00f3lnoty \u017con nadzwyczajnych szafarzy Komunii \u015bw. Ju\u017c zapraszamy za rok we wrze\u015bniu 2026 roku!<\/p>\n","protected":false},"excerpt":{"rendered":"<p>Rekolekcje dla \u017con nadzwyczajnych szafarzy Komunii \u015bw. po raz czwarty&#8230; Tradycj\u0105 ju\u017c naszego duszpasterstwa jest organizowanie rekolekcji dla \u017con nadzwyczajnych szafarzy Komunii \u015bw. w drugiej po\u0142owie wrze\u015bnia. Rekolekcje te stanowi\u0105 r\u00f3wnie\u017c\u00a0podkre\u015blenie ogromnej roli rodziny i najbli\u017cszych w spe\u0142nianiu pos\u0142ugi nadzwyczajnego szafarza. Tegoroczne rekolekcje poprowadzi\u0142 ks. Pawe\u0142 Bro\u0144ski, dyrektor i rekolekcjonista [&hellip;]<\/p>\n","protected":false},"author":1,"featured_media":975,"comment_status":"open","ping_status":"open","sticky":false,"template":"","format":"standard","meta":{"footnotes":""},"categories":[3],"tags":[],"class_list":["post-974","post","type-post","status-publish","format-standard","has-post-thumbnail","hentry","category-ogolne"],"yoast_head":"<!-- This site is optimized with the Yoast SEO plugin v27.3 - https:\/\/yoast.com\/product\/yoast-seo-wordpress\/ -->\n<title>Rekolekcje dla \u017con nadzwyczajnych szafarzy Komunii \u015bw. po raz czwarty...<\/title>\n<meta name=\"description\" content=\"Tradycj\u0105 ju\u017c naszego duszpasterstwa jest organizowanie rekolekcji dla \u017con nadzwyczajnych szafarzy Komunii \u015bw. w drugiej po\u0142owie wrze\u015bnia.\" \/>\n<meta name=\"robots\" content=\"index, follow, max-snippet:-1, max-image-preview:large, max-video-preview:-1\" \/>\n<link rel=\"canonical\" href=\"https:\/\/szafarzetarnow.pl\/?p=974\" \/>\n<meta property=\"og:locale\" content=\"en_US\" \/>\n<meta property=\"og:type\" content=\"article\" \/>\n<meta property=\"og:title\" content=\"Rekolekcje dla \u017con nadzwyczajnych szafarzy Komunii \u015bw. po raz czwarty...\" \/>\n<meta property=\"og:description\" content=\"Tradycj\u0105 ju\u017c naszego duszpasterstwa jest organizowanie rekolekcji dla \u017con nadzwyczajnych szafarzy Komunii \u015bw. w drugiej po\u0142owie wrze\u015bnia.\" \/>\n<meta property=\"og:url\" content=\"https:\/\/szafarzetarnow.pl\/?p=974\" \/>\n<meta property=\"og:site_name\" content=\"szafarzetarnow.pl\" \/>\n<meta property=\"article:published_time\" content=\"2025-11-13T17:23:09+00:00\" \/>\n<meta property=\"article:modified_time\" content=\"2025-11-13T17:23:10+00:00\" \/>\n<meta property=\"og:image\" content=\"https:\/\/szafarzetarnow.pl\/wp-content\/uploads\/2025\/11\/20250919_202132-scaled.jpg\" \/>\n\t<meta property=\"og:image:width\" content=\"2560\" \/>\n\t<meta property=\"og:image:height\" content=\"1183\" \/>\n\t<meta property=\"og:image:type\" content=\"image\/jpeg\" \/>\n<meta name=\"author\" content=\"Przemek Rura\" \/>\n<meta name=\"twitter:card\" content=\"summary_large_image\" \/>\n<meta name=\"twitter:label1\" content=\"Written by\" \/>\n\t<meta name=\"twitter:data1\" content=\"Przemek Rura\" \/>\n\t<meta name=\"twitter:label2\" content=\"Est. reading time\" \/>\n\t<meta name=\"twitter:data2\" content=\"1 minute\" \/>\n<script type=\"application\/ld+json\" class=\"yoast-schema-graph\">{\"@context\":\"https:\\\/\\\/schema.org\",\"@graph\":[{\"@type\":\"Article\",\"@id\":\"https:\\\/\\\/szafarzetarnow.pl\\\/?p=974#article\",\"isPartOf\":{\"@id\":\"https:\\\/\\\/szafarzetarnow.pl\\\/?p=974\"},\"author\":{\"name\":\"Przemek Rura\",\"@id\":\"https:\\\/\\\/szafarzetarnow.pl\\\/#\\\/schema\\\/person\\\/d2eff972cfd1e0843c8e62dc13fcba30\"},\"headline\":\"Rekolekcje dla \u017con nadzwyczajnych szafarzy Komunii \u015bw. po raz czwarty&#8230;\",\"datePublished\":\"2025-11-13T17:23:09+00:00\",\"dateModified\":\"2025-11-13T17:23:10+00:00\",\"mainEntityOfPage\":{\"@id\":\"https:\\\/\\\/szafarzetarnow.pl\\\/?p=974\"},\"wordCount\":169,\"commentCount\":0,\"image\":{\"@id\":\"https:\\\/\\\/szafarzetarnow.pl\\\/?p=974#primaryimage\"},\"thumbnailUrl\":\"https:\\\/\\\/szafarzetarnow.pl\\\/wp-content\\\/uploads\\\/2025\\\/11\\\/20250919_202132-scaled.jpg\",\"articleSection\":[\"Og\u00f3lne\"],\"inLanguage\":\"en-US\",\"potentialAction\":[{\"@type\":\"CommentAction\",\"name\":\"Comment\",\"target\":[\"https:\\\/\\\/szafarzetarnow.pl\\\/?p=974#respond\"]}]},{\"@type\":\"WebPage\",\"@id\":\"https:\\\/\\\/szafarzetarnow.pl\\\/?p=974\",\"url\":\"https:\\\/\\\/szafarzetarnow.pl\\\/?p=974\",\"name\":\"Rekolekcje dla \u017con nadzwyczajnych szafarzy Komunii \u015bw. po raz czwarty...\",\"isPartOf\":{\"@id\":\"https:\\\/\\\/szafarzetarnow.pl\\\/#website\"},\"primaryImageOfPage\":{\"@id\":\"https:\\\/\\\/szafarzetarnow.pl\\\/?p=974#primaryimage\"},\"image\":{\"@id\":\"https:\\\/\\\/szafarzetarnow.pl\\\/?p=974#primaryimage\"},\"thumbnailUrl\":\"https:\\\/\\\/szafarzetarnow.pl\\\/wp-content\\\/uploads\\\/2025\\\/11\\\/20250919_202132-scaled.jpg\",\"datePublished\":\"2025-11-13T17:23:09+00:00\",\"dateModified\":\"2025-11-13T17:23:10+00:00\",\"author\":{\"@id\":\"https:\\\/\\\/szafarzetarnow.pl\\\/#\\\/schema\\\/person\\\/d2eff972cfd1e0843c8e62dc13fcba30\"},\"description\":\"Tradycj\u0105 ju\u017c naszego duszpasterstwa jest organizowanie rekolekcji dla \u017con nadzwyczajnych szafarzy Komunii \u015bw. w drugiej po\u0142owie wrze\u015bnia.\",\"breadcrumb\":{\"@id\":\"https:\\\/\\\/szafarzetarnow.pl\\\/?p=974#breadcrumb\"},\"inLanguage\":\"en-US\",\"potentialAction\":[{\"@type\":\"ReadAction\",\"target\":[\"https:\\\/\\\/szafarzetarnow.pl\\\/?p=974\"]}]},{\"@type\":\"ImageObject\",\"inLanguage\":\"en-US\",\"@id\":\"https:\\\/\\\/szafarzetarnow.pl\\\/?p=974#primaryimage\",\"url\":\"https:\\\/\\\/szafarzetarnow.pl\\\/wp-content\\\/uploads\\\/2025\\\/11\\\/20250919_202132-scaled.jpg\",\"contentUrl\":\"https:\\\/\\\/szafarzetarnow.pl\\\/wp-content\\\/uploads\\\/2025\\\/11\\\/20250919_202132-scaled.jpg\",\"width\":2560,\"height\":1183},{\"@type\":\"BreadcrumbList\",\"@id\":\"https:\\\/\\\/szafarzetarnow.pl\\\/?p=974#breadcrumb\",\"itemListElement\":[{\"@type\":\"ListItem\",\"position\":1,\"name\":\"Home\",\"item\":\"https:\\\/\\\/szafarzetarnow.pl\\\/\"},{\"@type\":\"ListItem\",\"position\":2,\"name\":\"Rekolekcje dla \u017con nadzwyczajnych szafarzy Komunii \u015bw. po raz czwarty&#8230;\"}]},{\"@type\":\"WebSite\",\"@id\":\"https:\\\/\\\/szafarzetarnow.pl\\\/#website\",\"url\":\"https:\\\/\\\/szafarzetarnow.pl\\\/\",\"name\":\"szafarzetarnow.pl\",\"description\":\"\",\"potentialAction\":[{\"@type\":\"SearchAction\",\"target\":{\"@type\":\"EntryPoint\",\"urlTemplate\":\"https:\\\/\\\/szafarzetarnow.pl\\\/?s={search_term_string}\"},\"query-input\":{\"@type\":\"PropertyValueSpecification\",\"valueRequired\":true,\"valueName\":\"search_term_string\"}}],\"inLanguage\":\"en-US\"},{\"@type\":\"Person\",\"@id\":\"https:\\\/\\\/szafarzetarnow.pl\\\/#\\\/schema\\\/person\\\/d2eff972cfd1e0843c8e62dc13fcba30\",\"name\":\"Przemek Rura\",\"image\":{\"@type\":\"ImageObject\",\"inLanguage\":\"en-US\",\"@id\":\"https:\\\/\\\/secure.gravatar.com\\\/avatar\\\/e45b267abee2982cb75173ae1953797b1304a28700a3f83606dbf09eebe422c7?s=96&d=mm&r=g\",\"url\":\"https:\\\/\\\/secure.gravatar.com\\\/avatar\\\/e45b267abee2982cb75173ae1953797b1304a28700a3f83606dbf09eebe422c7?s=96&d=mm&r=g\",\"contentUrl\":\"https:\\\/\\\/secure.gravatar.com\\\/avatar\\\/e45b267abee2982cb75173ae1953797b1304a28700a3f83606dbf09eebe422c7?s=96&d=mm&r=g\",\"caption\":\"Przemek Rura\"},\"sameAs\":[\"http:\\\/\\\/szafarzetarnow.pl\"],\"url\":\"https:\\\/\\\/szafarzetarnow.pl\\\/?author=1\"}]}<\/script>\n<!-- \/ Yoast SEO plugin. -->","yoast_head_json":{"title":"Rekolekcje dla \u017con nadzwyczajnych szafarzy Komunii \u015bw. po raz czwarty...","description":"Tradycj\u0105 ju\u017c naszego duszpasterstwa jest organizowanie rekolekcji dla \u017con nadzwyczajnych szafarzy Komunii \u015bw. w drugiej po\u0142owie wrze\u015bnia.","robots":{"index":"index","follow":"follow","max-snippet":"max-snippet:-1","max-image-preview":"max-image-preview:large","max-video-preview":"max-video-preview:-1"},"canonical":"https:\/\/szafarzetarnow.pl\/?p=974","og_locale":"en_US","og_type":"article","og_title":"Rekolekcje dla \u017con nadzwyczajnych szafarzy Komunii \u015bw. po raz czwarty...","og_description":"Tradycj\u0105 ju\u017c naszego duszpasterstwa jest organizowanie rekolekcji dla \u017con nadzwyczajnych szafarzy Komunii \u015bw. w drugiej po\u0142owie wrze\u015bnia.","og_url":"https:\/\/szafarzetarnow.pl\/?p=974","og_site_name":"szafarzetarnow.pl","article_published_time":"2025-11-13T17:23:09+00:00","article_modified_time":"2025-11-13T17:23:10+00:00","og_image":[{"width":2560,"height":1183,"url":"https:\/\/szafarzetarnow.pl\/wp-content\/uploads\/2025\/11\/20250919_202132-scaled.jpg","type":"image\/jpeg"}],"author":"Przemek Rura","twitter_card":"summary_large_image","twitter_misc":{"Written by":"Przemek Rura","Est. reading time":"1 minute"},"schema":{"@context":"https:\/\/schema.org","@graph":[{"@type":"Article","@id":"https:\/\/szafarzetarnow.pl\/?p=974#article","isPartOf":{"@id":"https:\/\/szafarzetarnow.pl\/?p=974"},"author":{"name":"Przemek Rura","@id":"https:\/\/szafarzetarnow.pl\/#\/schema\/person\/d2eff972cfd1e0843c8e62dc13fcba30"},"headline":"Rekolekcje dla \u017con nadzwyczajnych szafarzy Komunii \u015bw. po raz czwarty&#8230;","datePublished":"2025-11-13T17:23:09+00:00","dateModified":"2025-11-13T17:23:10+00:00","mainEntityOfPage":{"@id":"https:\/\/szafarzetarnow.pl\/?p=974"},"wordCount":169,"commentCount":0,"image":{"@id":"https:\/\/szafarzetarnow.pl\/?p=974#primaryimage"},"thumbnailUrl":"https:\/\/szafarzetarnow.pl\/wp-content\/uploads\/2025\/11\/20250919_202132-scaled.jpg","articleSection":["Og\u00f3lne"],"inLanguage":"en-US","potentialAction":[{"@type":"CommentAction","name":"Comment","target":["https:\/\/szafarzetarnow.pl\/?p=974#respond"]}]},{"@type":"WebPage","@id":"https:\/\/szafarzetarnow.pl\/?p=974","url":"https:\/\/szafarzetarnow.pl\/?p=974","name":"Rekolekcje dla \u017con nadzwyczajnych szafarzy Komunii \u015bw. po raz czwarty...","isPartOf":{"@id":"https:\/\/szafarzetarnow.pl\/#website"},"primaryImageOfPage":{"@id":"https:\/\/szafarzetarnow.pl\/?p=974#primaryimage"},"image":{"@id":"https:\/\/szafarzetarnow.pl\/?p=974#primaryimage"},"thumbnailUrl":"https:\/\/szafarzetarnow.pl\/wp-content\/uploads\/2025\/11\/20250919_202132-scaled.jpg","datePublished":"2025-11-13T17:23:09+00:00","dateModified":"2025-11-13T17:23:10+00:00","author":{"@id":"https:\/\/szafarzetarnow.pl\/#\/schema\/person\/d2eff972cfd1e0843c8e62dc13fcba30"},"description":"Tradycj\u0105 ju\u017c naszego duszpasterstwa jest organizowanie rekolekcji dla \u017con nadzwyczajnych szafarzy Komunii \u015bw. w drugiej po\u0142owie wrze\u015bnia.","breadcrumb":{"@id":"https:\/\/szafarzetarnow.pl\/?p=974#breadcrumb"},"inLanguage":"en-US","potentialAction":[{"@type":"ReadAction","target":["https:\/\/szafarzetarnow.pl\/?p=974"]}]},{"@type":"ImageObject","inLanguage":"en-US","@id":"https:\/\/szafarzetarnow.pl\/?p=974#primaryimage","url":"https:\/\/szafarzetarnow.pl\/wp-content\/uploads\/2025\/11\/20250919_202132-scaled.jpg","contentUrl":"https:\/\/szafarzetarnow.pl\/wp-content\/uploads\/2025\/11\/20250919_202132-scaled.jpg","width":2560,"height":1183},{"@type":"BreadcrumbList","@id":"https:\/\/szafarzetarnow.pl\/?p=974#breadcrumb","itemListElement":[{"@type":"ListItem","position":1,"name":"Home","item":"https:\/\/szafarzetarnow.pl\/"},{"@type":"ListItem","position":2,"name":"Rekolekcje dla \u017con nadzwyczajnych szafarzy Komunii \u015bw. po raz czwarty&#8230;"}]},{"@type":"WebSite","@id":"https:\/\/szafarzetarnow.pl\/#website","url":"https:\/\/szafarzetarnow.pl\/","name":"szafarzetarnow.pl","description":"","potentialAction":[{"@type":"SearchAction","target":{"@type":"EntryPoint","urlTemplate":"https:\/\/szafarzetarnow.pl\/?s={search_term_string}"},"query-input":{"@type":"PropertyValueSpecification","valueRequired":true,"valueName":"search_term_string"}}],"inLanguage":"en-US"},{"@type":"Person","@id":"https:\/\/szafarzetarnow.pl\/#\/schema\/person\/d2eff972cfd1e0843c8e62dc13fcba30","name":"Przemek Rura","image":{"@type":"ImageObject","inLanguage":"en-US","@id":"https:\/\/secure.gravatar.com\/avatar\/e45b267abee2982cb75173ae1953797b1304a28700a3f83606dbf09eebe422c7?s=96&d=mm&r=g","url":"https:\/\/secure.gravatar.com\/avatar\/e45b267abee2982cb75173ae1953797b1304a28700a3f83606dbf09eebe422c7?s=96&d=mm&r=g","contentUrl":"https:\/\/secure.gravatar.com\/avatar\/e45b267abee2982cb75173ae1953797b1304a28700a3f83606dbf09eebe422c7?s=96&d=mm&r=g","caption":"Przemek Rura"},"sameAs":["http:\/\/szafarzetarnow.pl"],"url":"https:\/\/szafarzetarnow.pl\/?author=1"}]}},"_links":{"self":[{"href":"https:\/\/szafarzetarnow.pl\/index.php?rest_route=\/wp\/v2\/posts\/974","targetHints":{"allow":["GET"]}}],"collection":[{"href":"https:\/\/szafarzetarnow.pl\/index.php?rest_route=\/wp\/v2\/posts"}],"about":[{"href":"https:\/\/szafarzetarnow.pl\/index.php?rest_route=\/wp\/v2\/types\/post"}],"author":[{"embeddable":true,"href":"https:\/\/szafarzetarnow.pl\/index.php?rest_route=\/wp\/v2\/users\/1"}],"replies":[{"embeddable":true,"href":"https:\/\/szafarzetarnow.pl\/index.php?rest_route=%2Fwp%2Fv2%2Fcomments&post=974"}],"version-history":[{"count":1,"href":"https:\/\/szafarzetarnow.pl\/index.php?rest_route=\/wp\/v2\/posts\/974\/revisions"}],"predecessor-version":[{"id":976,"href":"https:\/\/szafarzetarnow.pl\/index.php?rest_route=\/wp\/v2\/posts\/974\/revisions\/976"}],"wp:featuredmedia":[{"embeddable":true,"href":"https:\/\/szafarzetarnow.pl\/index.php?rest_route=\/wp\/v2\/media\/975"}],"wp:attachment":[{"href":"https:\/\/szafarzetarnow.pl\/index.php?rest_route=%2Fwp%2Fv2%2Fmedia&parent=974"}],"wp:term":[{"taxonomy":"category","embeddable":true,"href":"https:\/\/szafarzetarnow.pl\/index.php?rest_route=%2Fwp%2Fv2%2Fcategories&post=974"},{"taxonomy":"post_tag","embeddable":true,"href":"https:\/\/szafarzetarnow.pl\/index.php?rest_route=%2Fwp%2Fv2%2Ftags&post=974"}],"curies":[{"name":"wp","href":"https:\/\/api.w.org\/{rel}","templated":true}]}}