{"id":998,"date":"2025-12-19T15:06:42","date_gmt":"2025-12-19T14:06:42","guid":{"rendered":"https:\/\/szafarzetarnow.pl\/?p=998"},"modified":"2025-12-19T15:09:02","modified_gmt":"2025-12-19T14:09:02","slug":"zyczenia-diecezjalnego-duszpasterza-5","status":"publish","type":"post","link":"https:\/\/szafarzetarnow.pl\/?p=998","title":{"rendered":"\u017byczenia Diecezjalnego Duszpasterza"},"content":{"rendered":"\n<h2 class=\"wp-block-heading\">\u017byczenia Diecezjalnego Duszpasterza<\/h2>\n\n\n\n<figure class=\"wp-block-image size-large\"><img fetchpriority=\"high\" decoding=\"async\" width=\"1024\" height=\"682\" src=\"https:\/\/szafarzetarnow.pl\/wp-content\/uploads\/2025\/04\/PR-1-1024x682.jpg\" alt=\"\" class=\"wp-image-825\" srcset=\"https:\/\/szafarzetarnow.pl\/wp-content\/uploads\/2025\/04\/PR-1-1024x682.jpg 1024w, https:\/\/szafarzetarnow.pl\/wp-content\/uploads\/2025\/04\/PR-1-300x200.jpg 300w, https:\/\/szafarzetarnow.pl\/wp-content\/uploads\/2025\/04\/PR-1-768x512.jpg 768w, https:\/\/szafarzetarnow.pl\/wp-content\/uploads\/2025\/04\/PR-1-1536x1024.jpg 1536w, https:\/\/szafarzetarnow.pl\/wp-content\/uploads\/2025\/04\/PR-1-360x240.jpg 360w, https:\/\/szafarzetarnow.pl\/wp-content\/uploads\/2025\/04\/PR-1.jpg 2000w\" sizes=\"(max-width: 1024px) 100vw, 1024px\" \/><\/figure>\n\n\n\n<p><\/p>\n\n\n\n<p><em>&#8220;Wsta\u0144, we\u017a Dzieci\u0119 i Jego Matk\u0119 i id\u017a&#8221;&nbsp;<\/em><em>Mt 2, 20<\/em><\/p>\n\n\n\n<p>Drodzy Nadzwyczajni Szafarze Komunii \u015bw. diecezji tarnowskiej,<br>Drogie \u017bony naszych szafarzy, Dzieci, Rodziny,<\/p>\n\n\n\n<p>Bo\u017ce Narodzenie jest dla nas darem i wyzwaniem, jak ka\u017cde nowo narodzone dzieci\u0119, zw\u0142aszcza Bo\u017ce Dzieci\u0119. Ten dar i wyzwanie podejmujemy dzielnie, wstaj\u0105c, bior\u0105c Jezusa i Jego Matk\u0119 i id\u0105c odwa\u017cnie do \u015bwiata!<\/p>\n\n\n\n<p>Dzi\u0119kuj\u0119 Wam za wasz\u0105 gorliw\u0105 pos\u0142ug\u0119. Te\u00a0\u015bwi\u0119ta b\u0119da na pewno g\u0142\u0119boko prze\u017cyte r\u00f3wnie\u017c dzi\u0119ki rekolekcjom przeprowadzonym przez Ojc\u00f3w ze Zgromadzenia Naj\u015bwi\u0119tszego Odkupiciela &#8211; Redemptoryst\u00f3w, kt\u00f3re dobrze przygotowa\u0142y nas na ten szczeg\u00f3lny czas.<\/p>\n\n\n\n<p>Zanie\u015bcie Bo\u017cego Syna, kt\u00f3ry przez pos\u0142ug\u0119 kap\u0142ana urodzi si\u0119 na o\u0142tarzu, zanie\u015bcie, zanie\u015bcie do naszych chorych i cierpi\u0105cych!<\/p>\n\n\n\n<p>Z najlepszymi \u017cyczeniami i darem b\u0142ogos\u0142awie\u0144stwa<br>Ks. Jakub Jasiak<br>Wasz Opiekun<\/p>\n\n\n\n<p><\/p>\n\n\n\n<p><\/p>\n","protected":false},"excerpt":{"rendered":"<p>\u017byczenia Diecezjalnego Duszpasterza &#8220;Wsta\u0144, we\u017a Dzieci\u0119 i Jego Matk\u0119 i id\u017a&#8221;&nbsp;Mt 2, 20 Drodzy Nadzwyczajni Szafarze Komunii \u015bw. diecezji tarnowskiej,Drogie \u017bony naszych szafarzy, Dzieci, Rodziny, Bo\u017ce Narodzenie jest dla nas darem i wyzwaniem, jak ka\u017cde nowo narodzone dzieci\u0119, zw\u0142aszcza Bo\u017ce Dzieci\u0119. Ten dar i wyzwanie podejmujemy dzielnie, wstaj\u0105c, bior\u0105c Jezusa [&hellip;]<\/p>\n","protected":false},"author":1,"featured_media":825,"comment_status":"open","ping_status":"open","sticky":false,"template":"","format":"standard","meta":{"footnotes":""},"categories":[3],"tags":[],"class_list":["post-998","post","type-post","status-publish","format-standard","has-post-thumbnail","hentry","category-ogolne"],"yoast_head":"<!-- This site is optimized with the Yoast SEO plugin v27.3 - https:\/\/yoast.com\/product\/yoast-seo-wordpress\/ -->\n<title>\u017byczenia Diecezjalnego Duszpasterza<\/title>\n<meta name=\"description\" content=\"Wsta\u0144, we\u017a Dzieci\u0119 i Jego Matk\u0119 i id\u017a\" \/>\n<meta name=\"robots\" content=\"index, follow, max-snippet:-1, max-image-preview:large, max-video-preview:-1\" \/>\n<link rel=\"canonical\" href=\"https:\/\/szafarzetarnow.pl\/?p=998\" \/>\n<meta property=\"og:locale\" content=\"en_US\" \/>\n<meta property=\"og:type\" content=\"article\" \/>\n<meta property=\"og:title\" content=\"\u017byczenia Diecezjalnego Duszpasterza\" \/>\n<meta property=\"og:description\" content=\"Wsta\u0144, we\u017a Dzieci\u0119 i Jego Matk\u0119 i id\u017a\" \/>\n<meta property=\"og:url\" content=\"https:\/\/szafarzetarnow.pl\/?p=998\" \/>\n<meta property=\"og:site_name\" content=\"szafarzetarnow.pl\" \/>\n<meta property=\"article:published_time\" content=\"2025-12-19T14:06:42+00:00\" \/>\n<meta property=\"article:modified_time\" content=\"2025-12-19T14:09:02+00:00\" \/>\n<meta property=\"og:image\" content=\"https:\/\/szafarzetarnow.pl\/wp-content\/uploads\/2025\/04\/PR-1.jpg\" \/>\n\t<meta property=\"og:image:width\" content=\"2000\" \/>\n\t<meta property=\"og:image:height\" content=\"1333\" \/>\n\t<meta property=\"og:image:type\" content=\"image\/jpeg\" \/>\n<meta name=\"author\" content=\"Przemek Rura\" \/>\n<meta name=\"twitter:card\" content=\"summary_large_image\" \/>\n<meta name=\"twitter:label1\" content=\"Written by\" \/>\n\t<meta name=\"twitter:data1\" content=\"Przemek Rura\" \/>\n\t<meta name=\"twitter:label2\" content=\"Est. reading time\" \/>\n\t<meta name=\"twitter:data2\" content=\"1 minute\" \/>\n<script type=\"application\/ld+json\" class=\"yoast-schema-graph\">{\"@context\":\"https:\\\/\\\/schema.org\",\"@graph\":[{\"@type\":\"Article\",\"@id\":\"https:\\\/\\\/szafarzetarnow.pl\\\/?p=998#article\",\"isPartOf\":{\"@id\":\"https:\\\/\\\/szafarzetarnow.pl\\\/?p=998\"},\"author\":{\"name\":\"Przemek Rura\",\"@id\":\"https:\\\/\\\/szafarzetarnow.pl\\\/#\\\/schema\\\/person\\\/d2eff972cfd1e0843c8e62dc13fcba30\"},\"headline\":\"\u017byczenia Diecezjalnego Duszpasterza\",\"datePublished\":\"2025-12-19T14:06:42+00:00\",\"dateModified\":\"2025-12-19T14:09:02+00:00\",\"mainEntityOfPage\":{\"@id\":\"https:\\\/\\\/szafarzetarnow.pl\\\/?p=998\"},\"wordCount\":157,\"commentCount\":0,\"image\":{\"@id\":\"https:\\\/\\\/szafarzetarnow.pl\\\/?p=998#primaryimage\"},\"thumbnailUrl\":\"https:\\\/\\\/szafarzetarnow.pl\\\/wp-content\\\/uploads\\\/2025\\\/04\\\/PR-1.jpg\",\"articleSection\":[\"Og\u00f3lne\"],\"inLanguage\":\"en-US\",\"potentialAction\":[{\"@type\":\"CommentAction\",\"name\":\"Comment\",\"target\":[\"https:\\\/\\\/szafarzetarnow.pl\\\/?p=998#respond\"]}]},{\"@type\":\"WebPage\",\"@id\":\"https:\\\/\\\/szafarzetarnow.pl\\\/?p=998\",\"url\":\"https:\\\/\\\/szafarzetarnow.pl\\\/?p=998\",\"name\":\"\u017byczenia Diecezjalnego Duszpasterza\",\"isPartOf\":{\"@id\":\"https:\\\/\\\/szafarzetarnow.pl\\\/#website\"},\"primaryImageOfPage\":{\"@id\":\"https:\\\/\\\/szafarzetarnow.pl\\\/?p=998#primaryimage\"},\"image\":{\"@id\":\"https:\\\/\\\/szafarzetarnow.pl\\\/?p=998#primaryimage\"},\"thumbnailUrl\":\"https:\\\/\\\/szafarzetarnow.pl\\\/wp-content\\\/uploads\\\/2025\\\/04\\\/PR-1.jpg\",\"datePublished\":\"2025-12-19T14:06:42+00:00\",\"dateModified\":\"2025-12-19T14:09:02+00:00\",\"author\":{\"@id\":\"https:\\\/\\\/szafarzetarnow.pl\\\/#\\\/schema\\\/person\\\/d2eff972cfd1e0843c8e62dc13fcba30\"},\"description\":\"Wsta\u0144, we\u017a Dzieci\u0119 i Jego Matk\u0119 i id\u017a\",\"breadcrumb\":{\"@id\":\"https:\\\/\\\/szafarzetarnow.pl\\\/?p=998#breadcrumb\"},\"inLanguage\":\"en-US\",\"potentialAction\":[{\"@type\":\"ReadAction\",\"target\":[\"https:\\\/\\\/szafarzetarnow.pl\\\/?p=998\"]}]},{\"@type\":\"ImageObject\",\"inLanguage\":\"en-US\",\"@id\":\"https:\\\/\\\/szafarzetarnow.pl\\\/?p=998#primaryimage\",\"url\":\"https:\\\/\\\/szafarzetarnow.pl\\\/wp-content\\\/uploads\\\/2025\\\/04\\\/PR-1.jpg\",\"contentUrl\":\"https:\\\/\\\/szafarzetarnow.pl\\\/wp-content\\\/uploads\\\/2025\\\/04\\\/PR-1.jpg\",\"width\":2000,\"height\":1333},{\"@type\":\"BreadcrumbList\",\"@id\":\"https:\\\/\\\/szafarzetarnow.pl\\\/?p=998#breadcrumb\",\"itemListElement\":[{\"@type\":\"ListItem\",\"position\":1,\"name\":\"Home\",\"item\":\"https:\\\/\\\/szafarzetarnow.pl\\\/\"},{\"@type\":\"ListItem\",\"position\":2,\"name\":\"\u017byczenia Diecezjalnego Duszpasterza\"}]},{\"@type\":\"WebSite\",\"@id\":\"https:\\\/\\\/szafarzetarnow.pl\\\/#website\",\"url\":\"https:\\\/\\\/szafarzetarnow.pl\\\/\",\"name\":\"szafarzetarnow.pl\",\"description\":\"\",\"potentialAction\":[{\"@type\":\"SearchAction\",\"target\":{\"@type\":\"EntryPoint\",\"urlTemplate\":\"https:\\\/\\\/szafarzetarnow.pl\\\/?s={search_term_string}\"},\"query-input\":{\"@type\":\"PropertyValueSpecification\",\"valueRequired\":true,\"valueName\":\"search_term_string\"}}],\"inLanguage\":\"en-US\"},{\"@type\":\"Person\",\"@id\":\"https:\\\/\\\/szafarzetarnow.pl\\\/#\\\/schema\\\/person\\\/d2eff972cfd1e0843c8e62dc13fcba30\",\"name\":\"Przemek Rura\",\"image\":{\"@type\":\"ImageObject\",\"inLanguage\":\"en-US\",\"@id\":\"https:\\\/\\\/secure.gravatar.com\\\/avatar\\\/e45b267abee2982cb75173ae1953797b1304a28700a3f83606dbf09eebe422c7?s=96&d=mm&r=g\",\"url\":\"https:\\\/\\\/secure.gravatar.com\\\/avatar\\\/e45b267abee2982cb75173ae1953797b1304a28700a3f83606dbf09eebe422c7?s=96&d=mm&r=g\",\"contentUrl\":\"https:\\\/\\\/secure.gravatar.com\\\/avatar\\\/e45b267abee2982cb75173ae1953797b1304a28700a3f83606dbf09eebe422c7?s=96&d=mm&r=g\",\"caption\":\"Przemek Rura\"},\"sameAs\":[\"http:\\\/\\\/szafarzetarnow.pl\"],\"url\":\"https:\\\/\\\/szafarzetarnow.pl\\\/?author=1\"}]}<\/script>\n<!-- \/ Yoast SEO plugin. -->","yoast_head_json":{"title":"\u017byczenia Diecezjalnego Duszpasterza","description":"Wsta\u0144, we\u017a Dzieci\u0119 i Jego Matk\u0119 i id\u017a","robots":{"index":"index","follow":"follow","max-snippet":"max-snippet:-1","max-image-preview":"max-image-preview:large","max-video-preview":"max-video-preview:-1"},"canonical":"https:\/\/szafarzetarnow.pl\/?p=998","og_locale":"en_US","og_type":"article","og_title":"\u017byczenia Diecezjalnego Duszpasterza","og_description":"Wsta\u0144, we\u017a Dzieci\u0119 i Jego Matk\u0119 i id\u017a","og_url":"https:\/\/szafarzetarnow.pl\/?p=998","og_site_name":"szafarzetarnow.pl","article_published_time":"2025-12-19T14:06:42+00:00","article_modified_time":"2025-12-19T14:09:02+00:00","og_image":[{"width":2000,"height":1333,"url":"https:\/\/szafarzetarnow.pl\/wp-content\/uploads\/2025\/04\/PR-1.jpg","type":"image\/jpeg"}],"author":"Przemek Rura","twitter_card":"summary_large_image","twitter_misc":{"Written by":"Przemek Rura","Est. reading time":"1 minute"},"schema":{"@context":"https:\/\/schema.org","@graph":[{"@type":"Article","@id":"https:\/\/szafarzetarnow.pl\/?p=998#article","isPartOf":{"@id":"https:\/\/szafarzetarnow.pl\/?p=998"},"author":{"name":"Przemek Rura","@id":"https:\/\/szafarzetarnow.pl\/#\/schema\/person\/d2eff972cfd1e0843c8e62dc13fcba30"},"headline":"\u017byczenia Diecezjalnego Duszpasterza","datePublished":"2025-12-19T14:06:42+00:00","dateModified":"2025-12-19T14:09:02+00:00","mainEntityOfPage":{"@id":"https:\/\/szafarzetarnow.pl\/?p=998"},"wordCount":157,"commentCount":0,"image":{"@id":"https:\/\/szafarzetarnow.pl\/?p=998#primaryimage"},"thumbnailUrl":"https:\/\/szafarzetarnow.pl\/wp-content\/uploads\/2025\/04\/PR-1.jpg","articleSection":["Og\u00f3lne"],"inLanguage":"en-US","potentialAction":[{"@type":"CommentAction","name":"Comment","target":["https:\/\/szafarzetarnow.pl\/?p=998#respond"]}]},{"@type":"WebPage","@id":"https:\/\/szafarzetarnow.pl\/?p=998","url":"https:\/\/szafarzetarnow.pl\/?p=998","name":"\u017byczenia Diecezjalnego Duszpasterza","isPartOf":{"@id":"https:\/\/szafarzetarnow.pl\/#website"},"primaryImageOfPage":{"@id":"https:\/\/szafarzetarnow.pl\/?p=998#primaryimage"},"image":{"@id":"https:\/\/szafarzetarnow.pl\/?p=998#primaryimage"},"thumbnailUrl":"https:\/\/szafarzetarnow.pl\/wp-content\/uploads\/2025\/04\/PR-1.jpg","datePublished":"2025-12-19T14:06:42+00:00","dateModified":"2025-12-19T14:09:02+00:00","author":{"@id":"https:\/\/szafarzetarnow.pl\/#\/schema\/person\/d2eff972cfd1e0843c8e62dc13fcba30"},"description":"Wsta\u0144, we\u017a Dzieci\u0119 i Jego Matk\u0119 i id\u017a","breadcrumb":{"@id":"https:\/\/szafarzetarnow.pl\/?p=998#breadcrumb"},"inLanguage":"en-US","potentialAction":[{"@type":"ReadAction","target":["https:\/\/szafarzetarnow.pl\/?p=998"]}]},{"@type":"ImageObject","inLanguage":"en-US","@id":"https:\/\/szafarzetarnow.pl\/?p=998#primaryimage","url":"https:\/\/szafarzetarnow.pl\/wp-content\/uploads\/2025\/04\/PR-1.jpg","contentUrl":"https:\/\/szafarzetarnow.pl\/wp-content\/uploads\/2025\/04\/PR-1.jpg","width":2000,"height":1333},{"@type":"BreadcrumbList","@id":"https:\/\/szafarzetarnow.pl\/?p=998#breadcrumb","itemListElement":[{"@type":"ListItem","position":1,"name":"Home","item":"https:\/\/szafarzetarnow.pl\/"},{"@type":"ListItem","position":2,"name":"\u017byczenia Diecezjalnego Duszpasterza"}]},{"@type":"WebSite","@id":"https:\/\/szafarzetarnow.pl\/#website","url":"https:\/\/szafarzetarnow.pl\/","name":"szafarzetarnow.pl","description":"","potentialAction":[{"@type":"SearchAction","target":{"@type":"EntryPoint","urlTemplate":"https:\/\/szafarzetarnow.pl\/?s={search_term_string}"},"query-input":{"@type":"PropertyValueSpecification","valueRequired":true,"valueName":"search_term_string"}}],"inLanguage":"en-US"},{"@type":"Person","@id":"https:\/\/szafarzetarnow.pl\/#\/schema\/person\/d2eff972cfd1e0843c8e62dc13fcba30","name":"Przemek Rura","image":{"@type":"ImageObject","inLanguage":"en-US","@id":"https:\/\/secure.gravatar.com\/avatar\/e45b267abee2982cb75173ae1953797b1304a28700a3f83606dbf09eebe422c7?s=96&d=mm&r=g","url":"https:\/\/secure.gravatar.com\/avatar\/e45b267abee2982cb75173ae1953797b1304a28700a3f83606dbf09eebe422c7?s=96&d=mm&r=g","contentUrl":"https:\/\/secure.gravatar.com\/avatar\/e45b267abee2982cb75173ae1953797b1304a28700a3f83606dbf09eebe422c7?s=96&d=mm&r=g","caption":"Przemek Rura"},"sameAs":["http:\/\/szafarzetarnow.pl"],"url":"https:\/\/szafarzetarnow.pl\/?author=1"}]}},"_links":{"self":[{"href":"https:\/\/szafarzetarnow.pl\/index.php?rest_route=\/wp\/v2\/posts\/998","targetHints":{"allow":["GET"]}}],"collection":[{"href":"https:\/\/szafarzetarnow.pl\/index.php?rest_route=\/wp\/v2\/posts"}],"about":[{"href":"https:\/\/szafarzetarnow.pl\/index.php?rest_route=\/wp\/v2\/types\/post"}],"author":[{"embeddable":true,"href":"https:\/\/szafarzetarnow.pl\/index.php?rest_route=\/wp\/v2\/users\/1"}],"replies":[{"embeddable":true,"href":"https:\/\/szafarzetarnow.pl\/index.php?rest_route=%2Fwp%2Fv2%2Fcomments&post=998"}],"version-history":[{"count":1,"href":"https:\/\/szafarzetarnow.pl\/index.php?rest_route=\/wp\/v2\/posts\/998\/revisions"}],"predecessor-version":[{"id":999,"href":"https:\/\/szafarzetarnow.pl\/index.php?rest_route=\/wp\/v2\/posts\/998\/revisions\/999"}],"wp:featuredmedia":[{"embeddable":true,"href":"https:\/\/szafarzetarnow.pl\/index.php?rest_route=\/wp\/v2\/media\/825"}],"wp:attachment":[{"href":"https:\/\/szafarzetarnow.pl\/index.php?rest_route=%2Fwp%2Fv2%2Fmedia&parent=998"}],"wp:term":[{"taxonomy":"category","embeddable":true,"href":"https:\/\/szafarzetarnow.pl\/index.php?rest_route=%2Fwp%2Fv2%2Fcategories&post=998"},{"taxonomy":"post_tag","embeddable":true,"href":"https:\/\/szafarzetarnow.pl\/index.php?rest_route=%2Fwp%2Fv2%2Ftags&post=998"}],"curies":[{"name":"wp","href":"https:\/\/api.w.org\/{rel}","templated":true}]}}